{"id":251,"date":"2023-05-25T13:30:56","date_gmt":"2023-05-25T11:30:56","guid":{"rendered":"https:\/\/thenordicmark.com\/hu\/?p=251"},"modified":"2023-05-25T13:30:57","modified_gmt":"2023-05-25T11:30:57","slug":"a-d-mark-invest-es-a-daw-se-egyesitette-forgalmazasi-tevekenyseget-magyarorszagon","status":"publish","type":"post","link":"https:\/\/www.thenordicmark.com\/hu\/a-d-mark-invest-es-a-daw-se-egyesitette-forgalmazasi-tevekenyseget-magyarorszagon\/","title":{"rendered":"A D-MARK Invest \u00e9s a DAW SE egyes\u00edtette forgalmaz\u00e1si tev\u00e9kenys\u00e9g\u00e9t Magyarorsz\u00e1gon"},"content":{"rendered":"\n<p>A thenordicmark Kft. a Tikkurila, Erfurt, Maston, Anza \u00e9s egy\u00e9b pr\u00e9mium kateg\u00f3ri\u00e1j\u00fa m\u00e1rk\u00e1k forgalmaz\u00f3ja Magyarorsz\u00e1gon, a dekor\u00e1ci\u00f3s \u00e9s az ipari fest\u00e9k szektorban. A Caparol Hung\u00e1ria a Caparol fest\u00e9kek\/term\u00e9kek forgalmaz\u00f3ja, sz\u00e1razhabarcsok \u00e9s nedves vakolatok gy\u00e1rt\u00f3ja, a homlokzati rendszerek \u00e9s fest\u00e9kek egyik vezet\u0151 besz\u00e1ll\u00edt\u00f3ja Magyarorsz\u00e1gon.<\/p>\n\n\n\n<p>Az \u00faj konstrukci\u00f3 mindk\u00e9t v\u00e1llalkoz\u00e1s tervezett hossz\u00fa t\u00e1v\u00fa strat\u00e9gi\u00e1j\u00e1nak r\u00e9sze, \u00e9s c\u00e9lja a folyamatosan javul\u00f3, magas sz\u00ednvonal\u00fa szolg\u00e1ltat\u00e1sok ny\u00fajt\u00e1sa a partnerek fel\u00e9.<\/p>\n\n\n\n<p>Hisz\u00fcnk \u00e9s b\u00edzunk abban, hogy az egyes\u00edtett er\u0151 hozz\u00e1adott \u00e9rt\u00e9ket teremt \u00e9s szil\u00e1rd, hossz\u00fa t\u00e1v\u00fa alapot \u00e9p\u00edt a partnereinkkel k\u00f6z\u00f6s, sikeres \u00fczleti t\u00f6rekv\u00e9sekhez.<\/p>\n\n\n\n<p>Lelkesed\u00e9ssel n\u00e9z\u00fcnk a k\u00f6z\u00f6s \u00fat \u00e1ltal k\u00edn\u00e1lt \u00faj \u00fczleti lehet\u0151s\u00e9gek el\u00e9!<\/p>\n\n\n\n<p>Egy\u00fctt er\u0151sebbek vagyunk!<\/p>\n","protected":false},"excerpt":{"rendered":"<p>Nagy \u00f6r\u00f6mmel jelentj\u00fck be a D-MARK Kft. \u00e9s Caparol Hung\u00e1ria Kft. egy\u00fcttm\u0171k\u00f6d\u00e9s\u00e9t a magyarorsz\u00e1gi forgalmaz\u00e1si tev\u00e9kenys\u00e9gben. A k\u00f6z\u00f6s v\u00e1llalkoz\u00e1st 2021. m\u00e1rcius 1-j\u00e9t\u0151l kezd\u0151d\u0151en a D-MARK Kft. vezeti, a Caparol Hung\u00e1ria Kft. \u00e9rt\u00e9kes\u00edt\u00e9si, marketing \u00e9s logisztikai funkci\u00f3inak \u00e1tv\u00e1llal\u00e1s\u00e1val, valamint a R\u00e1k\u00f3czib\u00e1ny\u00e1n tal\u00e1lhat\u00f3 Caparol gy\u00e1r m\u0171k\u00f6dtet\u00e9s\u00e9vel.<\/p>\n","protected":false},"author":1,"featured_media":252,"comment_status":"closed","ping_status":"closed","sticky":false,"template":"","format":"standard","meta":{"_acf_changed":false,"inline_featured_image":false,"footnotes":""},"categories":[1],"tags":[],"class_list":["post-251","post","type-post","status-publish","format-standard","has-post-thumbnail","hentry","category-uncategorized"],"acf":[],"_links":{"self":[{"href":"https:\/\/www.thenordicmark.com\/hu\/wp-json\/wp\/v2\/posts\/251","targetHints":{"allow":["GET"]}}],"collection":[{"href":"https:\/\/www.thenordicmark.com\/hu\/wp-json\/wp\/v2\/posts"}],"about":[{"href":"https:\/\/www.thenordicmark.com\/hu\/wp-json\/wp\/v2\/types\/post"}],"author":[{"embeddable":true,"href":"https:\/\/www.thenordicmark.com\/hu\/wp-json\/wp\/v2\/users\/1"}],"replies":[{"embeddable":true,"href":"https:\/\/www.thenordicmark.com\/hu\/wp-json\/wp\/v2\/comments?post=251"}],"version-history":[{"count":1,"href":"https:\/\/www.thenordicmark.com\/hu\/wp-json\/wp\/v2\/posts\/251\/revisions"}],"predecessor-version":[{"id":253,"href":"https:\/\/www.thenordicmark.com\/hu\/wp-json\/wp\/v2\/posts\/251\/revisions\/253"}],"wp:featuredmedia":[{"embeddable":true,"href":"https:\/\/www.thenordicmark.com\/hu\/wp-json\/wp\/v2\/media\/252"}],"wp:attachment":[{"href":"https:\/\/www.thenordicmark.com\/hu\/wp-json\/wp\/v2\/media?parent=251"}],"wp:term":[{"taxonomy":"category","embeddable":true,"href":"https:\/\/www.thenordicmark.com\/hu\/wp-json\/wp\/v2\/categories?post=251"},{"taxonomy":"post_tag","embeddable":true,"href":"https:\/\/www.thenordicmark.com\/hu\/wp-json\/wp\/v2\/tags?post=251"}],"curies":[{"name":"wp","href":"https:\/\/api.w.org\/{rel}","templated":true}]}}