{"id":254,"date":"2023-05-25T13:38:48","date_gmt":"2023-05-25T11:38:48","guid":{"rendered":"https:\/\/thenordicmark.com\/hu\/?p=254"},"modified":"2023-05-25T13:38:49","modified_gmt":"2023-05-25T11:38:49","slug":"tikkurila-ipari-bevonatok-uj-femipari-es-faipari-katalogusaink-digitalisan-is-elerhetoek","status":"publish","type":"post","link":"https:\/\/www.thenordicmark.com\/hu\/tikkurila-ipari-bevonatok-uj-femipari-es-faipari-katalogusaink-digitalisan-is-elerhetoek\/","title":{"rendered":"TIKKURILA ipari bevonatok: \u00faj f\u00e9mipari \u00e9s faipari katal\u00f3gusaink digit\u00e1lisan is el\u00e9rhet\u0151ek"},"content":{"rendered":"\n<figure class=\"wp-block-embed is-type-video is-provider-youtube wp-block-embed-youtube wp-embed-aspect-16-9 wp-has-aspect-ratio\"><div class=\"wp-block-embed__wrapper\">\n<iframe loading=\"lazy\" title=\"Tikkurila megold\u00e1sok f\u00e9m \u00e9s fa fel\u00fcletek v\u00e9delm\u00e9re: fel\u00fcletkezel\u00e9s f\u00e9mipari \u00e9s faipari bevonatokkal\" width=\"500\" height=\"281\" src=\"https:\/\/www.youtube.com\/embed\/7UHVNCxat9A?feature=oembed\" frameborder=\"0\" allow=\"accelerometer; autoplay; clipboard-write; encrypted-media; gyroscope; picture-in-picture; web-share\" referrerpolicy=\"strict-origin-when-cross-origin\" allowfullscreen><\/iframe>\n<\/div><\/figure>\n\n\n\n<p><a rel=\"noreferrer noopener\" href=\"https:\/\/issuu.com\/dejmarkgrouphu\/docs\/tikkurila_f_mipari_bevonatok_katal_gus_2020\" target=\"_blank\"><strong>Tikkurila f\u00e9mipari bevonatok katal\u00f3gus 2020<\/strong><\/a><\/p>\n\n\n\n<iframe allowfullscreen=\"true\" src=\"\/\/e.issuu.com\/embed.html?backgroundColor=%2394b6d4&amp;d=tikkurila_f_mipari_bevonatok_katal_gus_2020&amp;hideIssuuLogo=true&amp;u=dejmarkgrouphu\" style=\"border:none;width:100%;height:326px;\"><\/iframe>\n\n\n\n<p>A\u00a0<a rel=\"noreferrer noopener\" href=\"https:\/\/issuu.com\/dejmarkgrouphu\/docs\/tikkurila_f_mipari_bevonatok_katal_gus_2020\" target=\"_blank\">katal\u00f3gusban\u00a0<\/a>megjelen\u00edtett bevonatok \u00e9s bevonatrendszerek a legsaj\u00e1tosabb \u00e9s legv\u00e1ltozatosabb ig\u00e9nybev\u00e9teleknek megfelel\u0151 megold\u00e1st ny\u00fajtj\u00e1k korr\u00f3zi\u00f3g\u00e1tl\u00e1s \u00e9s f\u00e9mfel\u00fcletek v\u00e9delme ter\u00e9n. Lapozza \u00e1t a\u00a0<a rel=\"noreferrer noopener\" href=\"https:\/\/issuu.com\/dejmarkgrouphu\/docs\/tikkurila_f_mipari_bevonatok_katal_gus_2020\" target=\"_blank\">katal\u00f3gust\u00a0<\/a>\u00e9s keresse meg az \u00d6nnek megfelel\u0151 egykomponens\u0171 vagy k\u00e9tkomponens\u0171, old\u00f3szeralap\u00fa vagy v\u00edzh\u00edg\u00edt\u00e1s\u00fa bevonatot vagy bevonatrendszert, mely a keresett tart\u00f3ss\u00e1got, v\u00e9delmet \u00e9s \u00e9lettartamot biztos\u00edtja. A term\u00e9kek k\u00e9t nagy kateg\u00f3ri\u00e1ban (old\u00f3szeres \u00e9s v\u00edzh\u00edg\u00edt\u00e1s\u00fa term\u00e9kek), azokon bel\u00fcl pedig k\u00f6t\u0151anyag-alap\u00fa alkateg\u00f3ri\u00e1kban tal\u00e1lhat\u00f3k meg. Nem maradnak ki a felsorol\u00e1sb\u00f3l k\u00fcl\u00f6nb\u00f6z\u0151 speci\u00e1lis felhaszn\u00e1l\u00e1s\u00fa term\u00e9kek sem, mint pl. a m\u0171helyalapoz\u00f3k \u00e9s jav\u00edt\u00f3fest\u00e9kek, a t\u0171zg\u00e1tl\u00f3 vagy magas h\u0151\u00e1ll\u00f3s\u00e1g\u00fa fest\u00e9kek. A prospektusban bemutatott term\u00e9kpaletta a legk\u00fcl\u00f6nf\u00e9l\u00e9bb ig\u00e9nyekre fejlesztett term\u00e9kek f\u0151 jellemz\u0151ir\u0151l, legfontosabb alkalmaz\u00e1si ter\u00fcleteir\u0151l ad t\u00e1j\u00e9koztat\u00e1st.<\/p>\n\n\n\n<p>Milyen szempontok alapj\u00e1n fejleszti a Tikkurila a f\u00e9mipari bevonatokat \u00e9s -rendszereket?<\/p>\n\n\n\n<ul class=\"wp-block-list\">\n<li>hat\u00e9kony v\u00e9delem a korr\u00f3zi\u00f3val szemben<\/li>\n\n\n\n<li>hossz\u00fa \u00e9lettartam, tart\u00f3s bevonatok<\/li>\n\n\n\n<li>fokozott ellen\u00e1ll\u00e1s az id\u0151j\u00e1r\u00e1si \u00e9s k\u00fcl\u00f6nb\u00f6z\u0151 k\u00f6rnyezeti hat\u00e1sokkal szemben<\/li>\n\n\n\n<li>karc\u00e1ll\u00e1s \u00e9s mechanikai hat\u00e1ssal szembeni ellen\u00e1ll\u00e1s<\/li>\n\n\n\n<li>a k\u00fcl\u00f6nb\u00f6z\u0151 korr\u00f3zi\u00f3s ig\u00e9nybev\u00e9teli kateg\u00f3ri\u00e1knak val\u00f3 megfelel\u00e9s<\/li>\n<\/ul>\n\n\n\n<p>Ha tov\u00e1bbi, specifik\u00e1ci\u00f3kkal, rendelkez\u00e9sre \u00e1ll\u00f3 dokument\u00e1ci\u00f3val vagy alkalmaz\u00e1stechnik\u00e1val kapcsolatos k\u00e9rd\u00e9se van:<\/p>\n\n\n\n<ul class=\"wp-block-list\">\n<li>\u00edrjon nek\u00fcnk az&nbsp;<a href=\"mailto:info.hu@thenordicmarkgroup.com\">info.hu@thenordicmarkgroup.com<\/a>&nbsp;c\u00edmre vagy<\/li>\n\n\n\n<li>forduljon bizalommal\u00a0<a rel=\"noreferrer noopener\" href=\"https:\/\/www.thenordicmark.com\/hu\/kapcsolat\/\" target=\"_blank\">ipari \u00e9rt\u00e9kes\u00edt\u0151 koll\u00e9g\u00e1inkhoz<\/a>.<\/li>\n<\/ul>\n\n\n\n<hr class=\"wp-block-separator has-text-color has-alpha-channel-opacity has-background is-style-wide\" style=\"background-color:#f7f7f7;color:#f7f7f7\"\/>\n\n\n\n<p><a rel=\"noreferrer noopener\" href=\"https:\/\/issuu.com\/dejmarkgrouphu\/docs\/tikkurila_faipari_bevonatok_katal_gus_2020\" target=\"_blank\"><strong>Tikkurila faipari bevonatok katal\u00f3gus 2020<\/strong><\/a><\/p>\n\n\n\n<iframe allowfullscreen=\"true\" src=\"\/\/e.issuu.com\/embed.html?backgroundColor=%23643a23&amp;d=tikkurila_faipari_bevonatok_katal_gus_2020&amp;hideIssuuLogo=true&amp;u=dejmarkgrouphu\" style=\"border:none;width:100%;height:326px;\"><\/iframe>\n\n\n\n<p>A faipari bevonatok belt\u00e9ri \u00e9s k\u00fclt\u00e9ri alkalmaz\u00e1sa egyar\u00e1nt kiemelten fontos szempont, ez\u00e9rt a\u00a0<a rel=\"noreferrer noopener\" href=\"https:\/\/issuu.com\/dejmarkgrouphu\/docs\/tikkurila_faipari_bevonatok_katal_gus_2020\" target=\"_blank\">katal\u00f3gusban\u00a0<\/a>minden term\u00e9kkateg\u00f3ria kett\u0151s (belt\u00e9ri \u00e9s k\u00fclt\u00e9ri) list\u00e1z\u00e1ssal jelenik meg. A belt\u00e9ri term\u00e9kek fejleszt\u00e9se sor\u00e1n a Tikkurila nagy hangs\u00falyt fektet a felhaszn\u00e1l\u00f3kra egyre ink\u00e1bb jellemz\u0151 k\u00f6rnyezettudatos hozz\u00e1\u00e1ll\u00e1sb\u00f3l fakad\u00f3 ig\u00e9nyeknek val\u00f3 megfelel\u00e9sre. A v\u00edzh\u00edg\u00edt\u00e1s\u00fa term\u00e9kkateg\u00f3ria teljes \u00e9rt\u00e9k\u0171 palett\u00e1t mutat be \u00e9s megtal\u00e1lhat\u00f3k benne \u00fagy a k\u00fcl\u00f6nb\u00f6z\u0151 alapoz\u00f3 fest\u00e9kek \u00e9s fed\u0151fest\u00e9kek, mint a lakkok, a p\u00e1cok vagy ak\u00e1r az UV-hat\u00e1sra kem\u00e9nyed\u0151 bevonatok. Nem maradnak ki term\u00e9szetesen a hagyom\u00e1nyos, de egyre meg\u00fajul\u00f3 fejleszt\u00e9s\u0171 old\u00f3szeres term\u00e9kek sem.<\/p>\n\n\n\n<p>Mire sz\u00e1m\u00edthat, ha min\u0151s\u00e9gi Tikkurila faipari term\u00e9keket alkalmaz?<\/p>\n\n\n\n<ul class=\"wp-block-list\">\n<li>hat\u00e9kony faanyagv\u00e9delem<\/li>\n\n\n\n<li>tart\u00f3s sz\u00ednek, sz\u00e9les sz\u00ednpaletta<\/li>\n\n\n\n<li>hossz\u00fa \u00e9lettartam<\/li>\n\n\n\n<li>megb\u00edzhat\u00f3 teljes\u00edtm\u00e9ny<\/li>\n<\/ul>\n\n\n\n<p>A\u00a0<a rel=\"noreferrer noopener\" href=\"https:\/\/issuu.com\/dejmarkgrouphu\/docs\/tikkurila_faipari_bevonatok_katal_gus_2020\" target=\"_blank\">katal\u00f3gust\u00a0<\/a>lapozva megismerheti e min\u0151s\u00e9gi bevonatok legf\u0151bb jellemz\u0151it, legink\u00e1bb javasolt alkalmaz\u00e1si ter\u00fcleteit. Amennyiben tov\u00e1bbi, r\u00e9szletesebb specifik\u00e1ci\u00f3kra, felhord\u00e1si utas\u00edt\u00e1sokra \u00e9s dokument\u00e1ci\u00f3val kapcsolatos t\u00e1j\u00e9koztat\u00e1st szeretne:<\/p>\n\n\n\n<ul class=\"wp-block-list\">\n<li>\u00edrjon nek\u00fcnk az&nbsp;<a href=\"mailto:info.hu@thenordicmarkgroup.com\">info.hu@thenordicmarkgroup.com<\/a>&nbsp;c\u00edmre vagy<\/li>\n\n\n\n<li>forduljon bizalommal&nbsp;<a href=\"https:\/\/www.thenordicmark.com\/hu\/kapcsolat\/\" target=\"_blank\" rel=\"noreferrer noopener\">ipari \u00e9rt\u00e9kes\u00edt\u0151 koll\u00e9g\u00e1inkhoz<\/a>.<\/li>\n<\/ul>\n\n\n\n<p>Ismerje meg \u00d6n is a Tikkurila \u00e1ltal ny\u00fajtott sz\u00e9lesk\u00f6r\u0171\u00a0<a rel=\"noreferrer noopener\" href=\"https:\/\/issuu.com\/dejmarkgrouphu\/docs\/tikkurila_f_mipari_bevonatok_katal_gus_2020\" target=\"_blank\">f\u00e9mipari\u00a0<\/a>\u00e9s\u00a0<a rel=\"noreferrer noopener\" href=\"https:\/\/issuu.com\/dejmarkgrouphu\/docs\/tikkurila_faipari_bevonatok_katal_gus_2020\" target=\"_blank\">faipari\u00a0<\/a>megold\u00e1sokat, tapasztalja meg a min\u0151s\u00e9gi fel\u00fcletkezel\u00e9s, az ak\u00e1r eszt\u00e9tikai \u00e9lm\u00e9nnyel gazdag\u00edtott, hosszan tart\u00f3 fel\u00fcletv\u00e9delem \u00e9lm\u00e9ny\u00e9t!<\/p>\n","protected":false},"excerpt":{"rendered":"<p>Megjelentek az \u00faj Tikkurila f\u00e9mipari \u00e9s faipari katal\u00f3gusok, melyek a tov\u00e1bbfejlesztett old\u00f3szeralap\u00fa term\u00e9kek mellett, a kor szellem\u00e9nek megfelel\u0151en \u00e9s a fest\u00e9kipari halad\u00f3 innovat\u00edv gy\u00e1rt\u00e1si technol\u00f3gi\u00e1knak k\u00f6sz\u00f6nhet\u0151en, egyre t\u00f6bb min\u0151s\u00e9gi v\u00edzh\u00edg\u00edt\u00e1s\u00fa term\u00e9ket \u00e9s bevonatrendszert list\u00e1znak.<\/p>\n","protected":false},"author":1,"featured_media":255,"comment_status":"closed","ping_status":"closed","sticky":false,"template":"","format":"standard","meta":{"_acf_changed":false,"inline_featured_image":false,"footnotes":""},"categories":[1],"tags":[],"class_list":["post-254","post","type-post","status-publish","format-standard","has-post-thumbnail","hentry","category-uncategorized"],"acf":[],"_links":{"self":[{"href":"https:\/\/www.thenordicmark.com\/hu\/wp-json\/wp\/v2\/posts\/254","targetHints":{"allow":["GET"]}}],"collection":[{"href":"https:\/\/www.thenordicmark.com\/hu\/wp-json\/wp\/v2\/posts"}],"about":[{"href":"https:\/\/www.thenordicmark.com\/hu\/wp-json\/wp\/v2\/types\/post"}],"author":[{"embeddable":true,"href":"https:\/\/www.thenordicmark.com\/hu\/wp-json\/wp\/v2\/users\/1"}],"replies":[{"embeddable":true,"href":"https:\/\/www.thenordicmark.com\/hu\/wp-json\/wp\/v2\/comments?post=254"}],"version-history":[{"count":1,"href":"https:\/\/www.thenordicmark.com\/hu\/wp-json\/wp\/v2\/posts\/254\/revisions"}],"predecessor-version":[{"id":256,"href":"https:\/\/www.thenordicmark.com\/hu\/wp-json\/wp\/v2\/posts\/254\/revisions\/256"}],"wp:featuredmedia":[{"embeddable":true,"href":"https:\/\/www.thenordicmark.com\/hu\/wp-json\/wp\/v2\/media\/255"}],"wp:attachment":[{"href":"https:\/\/www.thenordicmark.com\/hu\/wp-json\/wp\/v2\/media?parent=254"}],"wp:term":[{"taxonomy":"category","embeddable":true,"href":"https:\/\/www.thenordicmark.com\/hu\/wp-json\/wp\/v2\/categories?post=254"},{"taxonomy":"post_tag","embeddable":true,"href":"https:\/\/www.thenordicmark.com\/hu\/wp-json\/wp\/v2\/tags?post=254"}],"curies":[{"name":"wp","href":"https:\/\/api.w.org\/{rel}","templated":true}]}}