{"id":271,"date":"2023-05-25T13:56:13","date_gmt":"2023-05-25T11:56:13","guid":{"rendered":"https:\/\/thenordicmark.com\/hu\/?p=271"},"modified":"2023-05-25T13:56:14","modified_gmt":"2023-05-25T11:56:14","slug":"erre-figyelj-ha-szobafestes-elott-allsz-1-resz","status":"publish","type":"post","link":"https:\/\/www.thenordicmark.com\/hu\/erre-figyelj-ha-szobafestes-elott-allsz-1-resz\/","title":{"rendered":"Erre figyelj, ha szobafest\u00e9s el\u0151tt \u00e1llsz! 1. r\u00e9sz"},"content":{"rendered":"\n<p><strong>1. r\u00e9sz<\/strong><\/p>\n\n\n\n<h3 class=\"wp-block-heading\"><strong>Feh\u00e9r falak vagy sz\u00ednes falak?<\/strong><\/h3>\n\n\n\n<p>Amint azt m\u00e1r sokan tapasztalt\u00e1tok, a d\u00f6nt\u00e9s nem egyszer\u0171, de jelent\u0151s hat\u00e1ssal van a tov\u00e1bbi tervez\u00e9sre \u00e9s a lak\u00f3t\u00e9r hangulat\u00e1nak kialak\u00edt\u00e1s\u00e1ra.<\/p>\n\n\n\n<p><strong>A feh\u00e9r fal&nbsp;<\/strong>tagadhatatlan el\u0151nye, hogy t\u00e1g, f\u00e9nyes, leveg\u0151s hat\u00e1st t\u00e9r hat\u00e1s\u00e1t kelti, r\u00e1ad\u00e1sul a sz\u00ednes kieg\u00e9sz\u00edt\u0151k seg\u00edts\u00e9g\u00e9vel (p\u00e1rn\u00e1k, f\u00fcgg\u00f6ny\u00f6k, sz\u0151nyegek, kisebb-nagyobb d\u00edszt\u00e1rgyak vagy ak\u00e1r b\u00fatorok), a helyis\u00e9g hangulata viszonylag egyszer\u0171en m\u00f3dos\u00edthat\u00f3 az aktu\u00e1lis trendek vagy az id\u00e9nyre legink\u00e1bb jellemz\u0151 kedv\u00fcnk szerint. A sz\u00ednes kieg\u00e9sz\u00edt\u0151k az \u00f6nkifejez\u00e9s er\u0151teljes eszk\u00f6zei lehetnek \u00e9s a nagyon figyelmes szem sz\u00e1m\u00e1ra igazi csemege lehet az apr\u00f3bb r\u00e9szletekben elrejtett mondanival\u00f3.<\/p>\n\n\n<div class=\"wp-block-image\">\n<figure class=\"aligncenter size-full is-resized\"><img decoding=\"async\" src=\"https:\/\/www.thenordicmark.com\/hu\/wp-content\/uploads\/2023\/05\/tikkurila-festekek-feher-falak.jpg\" alt=\"\" class=\"wp-image-273\" width=\"698\" height=\"698\" srcset=\"https:\/\/www.thenordicmark.com\/hu\/wp-content\/uploads\/2023\/05\/tikkurila-festekek-feher-falak.jpg 698w, https:\/\/www.thenordicmark.com\/hu\/wp-content\/uploads\/2023\/05\/tikkurila-festekek-feher-falak-520x520.jpg 520w, https:\/\/www.thenordicmark.com\/hu\/wp-content\/uploads\/2023\/05\/tikkurila-festekek-feher-falak-240x240.jpg 240w\" sizes=\"(max-width: 698px) 100vw, 698px\" \/><\/figure><\/div>\n\n\n<p>Feh\u00e9r falfest\u00e9kek a Tikkuril\u00e1t\u00f3l:<\/p>\n\n\n\n<ul class=\"wp-block-list\">\n<li>Super White&nbsp;<a href=\"https:\/\/eshop.thenordicmark.hu\/super-white\" target=\"_blank\" rel=\"noreferrer noopener\">https:\/\/eshop.thenordicmark.hu\/super-white<\/a><\/li>\n\n\n\n<li>Jedynka Snieznobiala:&nbsp;<a href=\"https:\/\/eshop.thenordicmark.hu\/jedynka-hofeher-falfestek\" target=\"_blank\" rel=\"noreferrer noopener\">https:\/\/eshop.thenordicmark.hu\/jedynka-hofeher-falfestek<\/a><\/li>\n<\/ul>\n\n\n\n<p><strong>Sz\u00ednes falak<\/strong>&nbsp;eset\u00e9n a lehet\u0151s\u00e9gek t\u00e1rh\u00e1za gyakorlatilag v\u00e9gtelen. Ha k\u00e9szre kevert, vagyis gy\u00e1rilag sz\u00ednezett falfest\u00e9ket haszn\u00e1ln\u00e1l, valamivel egyszer\u0171bb lesz a dolgod, hiszen \u00e1tlagosan 10-12 sz\u00edn \u00e1ll rendelkez\u00e9sre. T\u00e1gabb v\u00e1laszt\u00e9kb\u00f3l a sz\u00e1m\u00edt\u00f3g\u00e9pes sz\u00ednkever\u00e9ssel sz\u00ednezhet\u0151 falfest\u00e9kek eset\u00e9n v\u00e1logathatsz kedvedre (mely esetben valamivel nehezebb, de ann\u00e1l izgalmasabb a d\u00f6nt\u00e9s). A tagadhatatlan el\u0151ny: maxim\u00e1lisan ki\u00e9lheted a kreativit\u00e1sodat, teljesen egyedi falfel\u00fcleteket \u00e9s enteri\u0151r hangulatokat tudsz l\u00e9trehozni.<\/p>\n\n\n\n<p>A Tikkurila Symphony Opus I-II. sz\u00ednk\u00e1rtya pl. 2436 \u00e1rnyalatb\u00f3l enged v\u00e1lasztani.<\/p>\n\n\n<div class=\"wp-block-image\">\n<figure class=\"aligncenter size-full\"><img decoding=\"async\" width=\"1200\" height=\"800\" src=\"https:\/\/www.thenordicmark.com\/hu\/wp-content\/uploads\/2023\/05\/tikkurila-szinkartya-symphony.jpg\" alt=\"\" class=\"wp-image-274\" srcset=\"https:\/\/www.thenordicmark.com\/hu\/wp-content\/uploads\/2023\/05\/tikkurila-szinkartya-symphony.jpg 1200w, https:\/\/www.thenordicmark.com\/hu\/wp-content\/uploads\/2023\/05\/tikkurila-szinkartya-symphony-520x347.jpg 520w, https:\/\/www.thenordicmark.com\/hu\/wp-content\/uploads\/2023\/05\/tikkurila-szinkartya-symphony-768x512.jpg 768w\" sizes=\"(max-width: 1200px) 100vw, 1200px\" \/><\/figure><\/div>\n\n\n<p><strong>Tipp<\/strong>: mivel a sz\u00ednhat\u00e1st er\u0151sen befoly\u00e1solj\u00e1k a f\u00e9nyviszonyok \u00e9s a szoba\/helyis\u00e9g m\u00e9retei, er\u0151teljesebb sz\u00ednek eset\u00e9n mindenk\u00e9ppen javasolt a sz\u00ednk\u00e1rty\u00e1ban tal\u00e1lhat\u00f3 fel\u00fcletn\u00e9l nagyobb, legal\u00e1bb A4 m\u00e9ret\u0171 mintafel\u00fclet fest\u00e9se a festeni k\u00edv\u00e1nt falon. Figyelem: fel\u00fclet v\u00e9gleges sz\u00ednh\u0151m\u00e9rs\u00e9klete er\u0151sen f\u00fcgg a szob\u00e1d vil\u00e1g\u00edt\u00e1s\u00e1nak sz\u00ednh\u0151m\u00e9rs\u00e9klet\u00e9t\u0151l, ez\u00e9rt, amennyiben lehet\u0151s\u00e9ged van r\u00e1, m\u00e1r a fest\u00e9kboltban n\u00e9zd meg hidegf\u00e9ny\u0171 vagy melegf\u00e9ny\u0171 l\u00e1mpa alatt is a kiv\u00e1lasztott sz\u00ednt.<\/p>\n\n\n<div class=\"wp-block-image\">\n<figure class=\"aligncenter size-full\"><img decoding=\"async\" width=\"698\" height=\"698\" src=\"https:\/\/www.thenordicmark.com\/hu\/wp-content\/uploads\/2023\/05\/tikkurila-festekek-szines-falak.jpg\" alt=\"\" class=\"wp-image-275\" srcset=\"https:\/\/www.thenordicmark.com\/hu\/wp-content\/uploads\/2023\/05\/tikkurila-festekek-szines-falak.jpg 698w, https:\/\/www.thenordicmark.com\/hu\/wp-content\/uploads\/2023\/05\/tikkurila-festekek-szines-falak-520x520.jpg 520w, https:\/\/www.thenordicmark.com\/hu\/wp-content\/uploads\/2023\/05\/tikkurila-festekek-szines-falak-240x240.jpg 240w\" sizes=\"(max-width: 698px) 100vw, 698px\" \/><\/figure><\/div>\n\n\n<h3 class=\"wp-block-heading\"><strong>Sz\u00ednes fal mellett d\u00f6nt\u00f6tt\u00e9l? Erre figyelj!<\/strong><\/h3>\n\n\n\n<p>Ha m\u00e1r d\u00f6nt\u00f6tt\u00e9l egy adott fest\u00e9k mellett \u00e9s megv\u00e1s\u00e1roltad azt,&nbsp;olvasd el figyelmesen a fest\u00e9k m\u0171szaki le\u00edr\u00e1s\u00e1t \u00e9s pr\u00f3b\u00e1ld min\u00e9l pontosabban megbecs\u00fclni, hogy kb. milyen mennyis\u00e9g\u0171 fest\u00e9kre lesz sz\u00fcks\u00e9ged a teljes falter\u00fclet \u00e1tfest\u00e9s\u00e9re. Sz\u00ednezett \u00e9s sz\u00ednezhet\u0151 fest\u00e9kek eset\u00e9n k\u00fcl\u00f6n\u00f6sen fontos azonos gy\u00e1rt\u00e1si sorozatb\u00f3l sz\u00e1rmaz\u00f3 fest\u00e9keket haszn\u00e1lni, ezzel elker\u00fclhet\u0151 az gy\u00e1rt\u00e1si sorozatok esetleges sz\u00ednelt\u00e9r\u00e9se miatt kialakul\u00f3 foltosod\u00e1s. Ha ez valamilyen okb\u00f3l kifoly\u00f3lag nem siker\u00fclne, akkor sincs veszve semmi. Ilyenkor keress egy j\u00f3 nagy ed\u00e9nyt, majd keverd alaposan \u00f6ssze a teljes felhaszn\u00e1land\u00f3 sz\u00ednes fest\u00e9k mennyis\u00e9get.<\/p>\n\n\n\n<p>Sz\u00ednezhet\u0151 falfest\u00e9kek a Tikkuril\u00e1t\u00f3l:<\/p>\n\n\n\n<ul class=\"wp-block-list\">\n<li>Feelings K\u00fcl\u00f6nleges Falfest\u00e9k:&nbsp;<a href=\"https:\/\/eshop.thenordicmark.hu\/feelings-extra-durable\" target=\"_blank\" rel=\"noopener\">https:\/\/eshop.thenordicmark.hu\/feelings-extra-durable<\/a><\/li>\n\n\n\n<li>Feelings Belt\u00e9ri Falfest\u00e9k:&nbsp;<a href=\"https:\/\/eshop.thenordicmark.hu\/feelings-interior-paint\" target=\"_blank\" rel=\"noopener\">https:\/\/eshop.thenordicmark.hu\/feelings-interior-paint<\/a><\/li>\n\n\n\n<li>Optiva Matt 5:&nbsp;<a href=\"https:\/\/eshop.thenordicmark.hu\/optiva-matt-5\" target=\"_blank\" rel=\"noopener\">https:\/\/eshop.thenordicmark.hu\/optiva-matt-5<\/a><\/li>\n\n\n\n<li>Optiva Colour:&nbsp;<a href=\"https:\/\/eshop.thenordicmark.hu\/optiva-colour\" target=\"_blank\" rel=\"noopener\">https:\/\/eshop.thenordicmark.hu\/optiva-colour<\/a><\/li>\n\n\n\n<li>Joker:&nbsp;<a href=\"https:\/\/eshop.thenordicmark.hu\/joker\" target=\"_blank\" rel=\"noopener\">https:\/\/eshop.thenordicmark.hu\/joker<\/a><\/li>\n<\/ul>\n\n\n\n<p>Sz\u00ednkever\u00e9si technol\u00f3gi\u00e1val, konkr\u00e9t sz\u00ednk\u00f3dokkal \u00e9s egy\u00e9b sz\u00ednkever\u00e9ssel kapcsolatos k\u00e9rd\u00e9sekkel fordulj bizalommal MIntaboltunk munkat\u00e1rsaihoz (1097 Budapest, Ecseri \u00fat 14-16.) vagy keresd fel \u00e9rt\u00e9kes\u00edt\u0151 koll\u00e9g\u00e1inkat:&nbsp;<a href=\"https:\/\/www.thenordicmark.com\/hu\/kapcsolat\/\" target=\"_blank\" rel=\"noreferrer noopener\">https:\/\/www.thenordicmark.com\/hu\/kapcsolat\/<\/a><\/p>\n\n\n\n<p>A r\u00f6vid bevezet\u0151 cikk\u00fcnk folytat\u00e1sk\u00e9nt, a k\u00f6vetkez\u0151 r\u00e9szben&nbsp;egy m\u00e1sik fontos t\u00e9mak\u00f6rrel kapcsolatos tippeket osztunk meg:&nbsp;fest\u0151szersz\u00e1mokr\u00f3l, fest\u0151szalagokr\u00f3l \u00e9s egy\u00e9b eszk\u00f6z\u00f6kr\u0151l lesz sz\u00f3.&nbsp;<\/p>\n","protected":false},"excerpt":{"rendered":"<p>\u00daj h\u00e1zba k\u00f6lt\u00f6z\u00f6l vagy a r\u00e9git \u00faj\u00edtod fel? Esetleg kisebb projektben gondolkodsz, mint pl. egy vagy k\u00e9t szoba arculatfriss\u00edt\u00e9se fest\u00e9ssel? Ha te magad v\u00e1gn\u00e1l bele a munk\u00e1latokba, van p\u00e1r tipp\u00fcnk arr\u00f3l, hogy mire \u00e9rdemes figyelned!<\/p>\n","protected":false},"author":1,"featured_media":272,"comment_status":"closed","ping_status":"closed","sticky":false,"template":"","format":"standard","meta":{"_acf_changed":false,"inline_featured_image":false,"footnotes":""},"categories":[1],"tags":[],"class_list":["post-271","post","type-post","status-publish","format-standard","has-post-thumbnail","hentry","category-uncategorized"],"acf":[],"_links":{"self":[{"href":"https:\/\/www.thenordicmark.com\/hu\/wp-json\/wp\/v2\/posts\/271","targetHints":{"allow":["GET"]}}],"collection":[{"href":"https:\/\/www.thenordicmark.com\/hu\/wp-json\/wp\/v2\/posts"}],"about":[{"href":"https:\/\/www.thenordicmark.com\/hu\/wp-json\/wp\/v2\/types\/post"}],"author":[{"embeddable":true,"href":"https:\/\/www.thenordicmark.com\/hu\/wp-json\/wp\/v2\/users\/1"}],"replies":[{"embeddable":true,"href":"https:\/\/www.thenordicmark.com\/hu\/wp-json\/wp\/v2\/comments?post=271"}],"version-history":[{"count":1,"href":"https:\/\/www.thenordicmark.com\/hu\/wp-json\/wp\/v2\/posts\/271\/revisions"}],"predecessor-version":[{"id":276,"href":"https:\/\/www.thenordicmark.com\/hu\/wp-json\/wp\/v2\/posts\/271\/revisions\/276"}],"wp:featuredmedia":[{"embeddable":true,"href":"https:\/\/www.thenordicmark.com\/hu\/wp-json\/wp\/v2\/media\/272"}],"wp:attachment":[{"href":"https:\/\/www.thenordicmark.com\/hu\/wp-json\/wp\/v2\/media?parent=271"}],"wp:term":[{"taxonomy":"category","embeddable":true,"href":"https:\/\/www.thenordicmark.com\/hu\/wp-json\/wp\/v2\/categories?post=271"},{"taxonomy":"post_tag","embeddable":true,"href":"https:\/\/www.thenordicmark.com\/hu\/wp-json\/wp\/v2\/tags?post=271"}],"curies":[{"name":"wp","href":"https:\/\/api.w.org\/{rel}","templated":true}]}}