{"id":280,"date":"2023-05-25T14:00:44","date_gmt":"2023-05-25T12:00:44","guid":{"rendered":"https:\/\/thenordicmark.com\/hu\/?p=280"},"modified":"2023-05-25T14:00:45","modified_gmt":"2023-05-25T12:00:45","slug":"tikkurila-trendszinek-2022-re","status":"publish","type":"post","link":"https:\/\/www.thenordicmark.com\/hu\/tikkurila-trendszinek-2022-re\/","title":{"rendered":"Tikkurila trendsz\u00ednek 2022-re"},"content":{"rendered":"\n<p><strong>Tikkurila \u00c9v Sz\u00edne 2022 \u2013 Az igazi kalandok otthon kezd\u0151dnek!<\/strong><\/p>\n\n\n\n<p>Az \u00c9v Sz\u00edne az&nbsp;<a href=\"https:\/\/tikkurila.com\/pro\/colors\/kestrel\" target=\"_blank\" rel=\"noreferrer noopener\">L478 Kestrel<\/a>. A v\u00e1laszt\u00e1st a v\u00f6r\u00f6s v\u00e9rcse ihlette, nem csak tollazat\u00e1nak sz\u00edne, hanem vonul\u00f3 \u00e9letm\u00f3dja miatt is. Otthonunk hangulat\u00e1t er\u0151sen \u00e1thatja \u00fatjaink sor\u00e1n szerzett \u00e9lm\u00e9nyeink, tapasztalataink sokas\u00e1ga, melyeknek lenyomata a lak\u00f3teret sz\u00ednnel \u00e9s l\u00e9lekkel gazdag\u00edtja. De ford\u00edtva is igaz, hiszen az \u00fajabb \u00e9s \u00fajabb kalandok akkor teljesek, ha \u00e9rz\u00e9sben v\u00e9gig vel\u00fcnk van az otthonunk ny\u00fajtotta biztons\u00e1g\u00e9rzet.<\/p>\n\n\n<div class=\"wp-block-image\">\n<figure class=\"aligncenter size-full\"><img decoding=\"async\" width=\"1200\" height=\"573\" src=\"https:\/\/www.thenordicmark.com\/hu\/wp-content\/uploads\/2023\/05\/tikkurila-colornow2022-archipelago5-horz.jpg\" alt=\"\" class=\"wp-image-282\" srcset=\"https:\/\/www.thenordicmark.com\/hu\/wp-content\/uploads\/2023\/05\/tikkurila-colornow2022-archipelago5-horz.jpg 1200w, https:\/\/www.thenordicmark.com\/hu\/wp-content\/uploads\/2023\/05\/tikkurila-colornow2022-archipelago5-horz-520x248.jpg 520w, https:\/\/www.thenordicmark.com\/hu\/wp-content\/uploads\/2023\/05\/tikkurila-colornow2022-archipelago5-horz-768x367.jpg 768w\" sizes=\"(max-width: 1200px) 100vw, 1200px\" \/><\/figure><\/div>\n\n\n<p><strong>Tikkurila trendpaletta 2022-re<\/strong><\/p>\n\n\n\n<p>Az \u00c9v Sz\u00edn\u00e9n k\u00edv\u00fcl, a 2022-re v\u00e1lasztott teljes sz\u00ednpaletta tov\u00e1bbi 6 sz\u00ednt tartalmaz:<\/p>\n\n\n\n<ul class=\"wp-block-list\">\n<li><a href=\"https:\/\/tikkurila.com\/for-everyone\/colors\/parchment\" target=\"_blank\" rel=\"noreferrer noopener\">F466 Parchment<\/a>&nbsp;(Pergamen)<\/li>\n\n\n\n<li><a href=\"https:\/\/tikkurila.com\/for-everyone\/colors\/sea-smoke\" target=\"_blank\" rel=\"noreferrer noopener\">X447 Sea Smoke<\/a>&nbsp;(Tengeri p\u00e1ra)<\/li>\n\n\n\n<li><a href=\"https:\/\/tikkurila.com\/pro\/colors\/silk-road\" target=\"_blank\" rel=\"noreferrer noopener\">S440 Silk Road<\/a>&nbsp;(Selyem\u00fat)<\/li>\n\n\n\n<li><a href=\"https:\/\/tikkurila.com\/pro\/colors\/safari\" target=\"_blank\" rel=\"noreferrer noopener\">K396 Safari<\/a>&nbsp;(Szafari)<\/li>\n\n\n\n<li><a href=\"https:\/\/tikkurila.com\/for-everyone\/colors\/winter\" target=\"_blank\" rel=\"noreferrer noopener\">V503 Winter<\/a>&nbsp;(T\u00e9l)<\/li>\n\n\n\n<li><a href=\"https:\/\/tikkurila.com\/pro\/colors\/licorice\" target=\"_blank\" rel=\"noreferrer noopener\">X499 Licorice<\/a>&nbsp;(\u00c9desgy\u00f6k\u00e9r)<\/li>\n<\/ul>\n\n\n\n<p>A 2022-es kollekci\u00f3 \u00e9rdekess\u00e9ge, hogy meg tudja sz\u00f3l\u00edtani a hagyom\u00e1nyos st\u00edlusjegyek kedvel\u0151it, ugyanakkor a minim\u00e1lisabb, modern st\u00edlusok kedvel\u0151it is. Az otthonaikban uralkod\u00f3 sz\u00ednek hangulatokat, eml\u00e9keket, bar\u00e1ts\u00e1gokat, de ak\u00e1r vil\u00e1gk\u00e9peket is \u0151riznek. Milyen sz\u00edn\u0171 az \u00d6n t\u00f6rt\u00e9nete? Milyen gondolatokat \u00e9breszt \u00d6nben a Tikkurila 2022-es trendsz\u00ednek gy\u0171jtem\u00e9nye?<\/p>\n\n\n\n<figure class=\"wp-block-image size-full\"><img decoding=\"async\" width=\"1200\" height=\"675\" src=\"https:\/\/www.thenordicmark.com\/hu\/wp-content\/uploads\/2023\/05\/l478-kestrel.jpg\" alt=\"\" class=\"wp-image-283\" srcset=\"https:\/\/www.thenordicmark.com\/hu\/wp-content\/uploads\/2023\/05\/l478-kestrel.jpg 1200w, https:\/\/www.thenordicmark.com\/hu\/wp-content\/uploads\/2023\/05\/l478-kestrel-520x293.jpg 520w, https:\/\/www.thenordicmark.com\/hu\/wp-content\/uploads\/2023\/05\/l478-kestrel-768x432.jpg 768w\" sizes=\"(max-width: 1200px) 100vw, 1200px\" \/><\/figure>\n\n\n\n<p><strong>J\u00e1t\u00e9k a&nbsp;sz\u00ednekkel - meleg \u00e1rnyalatok vagy h\u0171v\u00f6s \u00e1rnyalatok?<\/strong><\/p>\n\n\n\n<p>A harmonikus sz\u00ednt\u00f3nusok gy\u0171jtem\u00e9nye k\u00f6nnyed\u00e9n, harmonikusan beilleszthet\u0151 a lak\u00f3t\u00e9r hangulat\u00e1ba. A 7 komplementer \u00e1rnyalat k\u00fcl\u00f6n-k\u00fcl\u00f6n vagy kombin\u00e1ci\u00f3ban is alkalmazhat\u00f3, eg\u00e9szfalas fel\u00fcleteken, vagy csak egy-egy falr\u00e9sz, b\u00fatordarab vagy dekor\u00e1ci\u00f3s elem kiemel\u00e9s\u00e9re.&nbsp;<\/p>\n\n\n\n<p>Ugyan\u00fagy, ahogyan az \u00c9v Sz\u00edne, az L478 Kestrel kett\u0151s t\u00f3nus\u00fa, a teljes 2022-es trendpaletta is egyar\u00e1nt tartamaz meleg \u00e9s h\u0171v\u00f6s \u00e1rnyalatokat, melyek azonban egym\u00e1ssal teljesen j\u00f3l harmoniz\u00e1lnak. A h\u0171v\u00f6sebb \u00e9s melegebb \u00e1rnyalatok egyazon fel\u00fcleten, vagy egym\u00e1ssal szomsz\u00e9dos fel\u00fcleteken val\u00f3 alkalmaz\u00e1sa izgalmas kontraszthat\u00e1sokat hozhat l\u00e9tre.<\/p>\n\n\n\n<p>Ha \u00d6nh\u00f6z a melegebb \u00e1rnyalatok \u00e1llnak k\u00f6zel, v\u00e1lassza az F466 Pergamen vagy a K396 Szafari sz\u00ednek adta lehet\u0151s\u00e9geket. Ha a h\u0171v\u00f6sebb t\u00f3nusokat r\u00e9szes\u00edti el\u0151nyben, biztos, hogy \u00f6r\u00f6m\u00e9t leli a V503 T\u00e9l, az X447 Tengeri p\u00e1ra, az S440 Selyem\u00fat \u00e9s az X449 \u00c9desgy\u00f6k\u00e9r adta hat\u00e1sokban.<\/p>\n\n\n<div class=\"wp-block-image\">\n<figure class=\"aligncenter size-full\"><img decoding=\"async\" width=\"1200\" height=\"800\" src=\"https:\/\/www.thenordicmark.com\/hu\/wp-content\/uploads\/2023\/05\/tikkurila-colornow2022-safari-wall.jpg\" alt=\"\" class=\"wp-image-284\" srcset=\"https:\/\/www.thenordicmark.com\/hu\/wp-content\/uploads\/2023\/05\/tikkurila-colornow2022-safari-wall.jpg 1200w, https:\/\/www.thenordicmark.com\/hu\/wp-content\/uploads\/2023\/05\/tikkurila-colornow2022-safari-wall-520x347.jpg 520w, https:\/\/www.thenordicmark.com\/hu\/wp-content\/uploads\/2023\/05\/tikkurila-colornow2022-safari-wall-768x512.jpg 768w\" sizes=\"(max-width: 1200px) 100vw, 1200px\" \/><\/figure><\/div>\n\n\n<figure class=\"wp-block-image size-full\"><img decoding=\"async\" width=\"1200\" height=\"500\" src=\"https:\/\/www.thenordicmark.com\/hu\/wp-content\/uploads\/2023\/05\/tikkurila-colornow2022-silkroad-wall-horz.jpg\" alt=\"\" class=\"wp-image-285\" srcset=\"https:\/\/www.thenordicmark.com\/hu\/wp-content\/uploads\/2023\/05\/tikkurila-colornow2022-silkroad-wall-horz.jpg 1200w, https:\/\/www.thenordicmark.com\/hu\/wp-content\/uploads\/2023\/05\/tikkurila-colornow2022-silkroad-wall-horz-520x217.jpg 520w, https:\/\/www.thenordicmark.com\/hu\/wp-content\/uploads\/2023\/05\/tikkurila-colornow2022-silkroad-wall-horz-768x320.jpg 768w\" sizes=\"(max-width: 1200px) 100vw, 1200px\" \/><\/figure>\n\n\n\n<p><strong>Hol mutatnak legjobban ezek a sz\u00ednek?<\/strong><\/p>\n\n\n\n<p>Hogyan n\u00e9zne ki a puha fekete X499 \u00c9desgy\u00f6k\u00e9r a h\u00e1l\u00f3szoba falain? Mit sz\u00f3lna az L478 Kestrel egy b\u00e9k\u00e9s, ugyanakkor b\u00e1jos hangulat\u00e1hoz a nappaliban? Ha ink\u00e1bb kisebb l\u00e9p\u00e9sekkel ind\u00edtana, fessen \u00e1t egyetlen falat vagy b\u00fatordarabot. Az enyh\u00e9n k\u00e9kes-z\u00f6ldes X447 Tengeri p\u00e1ra j\u00f3l \u00e9rv\u00e9nyes\u00fcl b\u00fatorokon, az \u00e9l\u00e9nkebb t\u00fcrkiz t\u00f3nus\u00fa S440 Selyem\u00fat falakon \u00e9s szeg\u00e9lyl\u00e9ceken is sz\u00e9p. B\u00edzzon intu\u00edci\u00f3j\u00e1ban, v\u00e1lassza ki az \u00d6n sz\u00e1m\u00e1ra legink\u00e1bb hangulatid\u00e9z\u0151 sz\u00ednt vagy sz\u00edneket \u00e9s pr\u00f3b\u00e1lja ki otthon\u00e1ban!<\/p>\n\n\n\n<p><strong>Milyen fest\u00e9kek keverhet\u0151k ezekre a sz\u00ednekre?<\/strong><\/p>\n\n\n\n<p>A Tikkurila fest\u00e9kek tagadhatatlan nagy el\u0151nye a sz\u00ednez\u00e9si technol\u00f3gia, mely seg\u00edts\u00e9g\u00e9vel a fest\u00e9kek sz\u00e9les sz\u00ednsk\u00e1la sz\u00edneire sz\u00ednezhet\u0151ek. A 2022-es trendpaletta sz\u00ednei a 2436 sz\u00ednt tartalmaz\u00f3 Symphony Opus I-II. sz\u00ednk\u00e1rty\u00e1b\u00f3l lettek kiv\u00e1lasztva.<\/p>\n\n\n\n<p>Sz\u00ednezhet\u0151 fest\u00e9k b\u00fatorra:&nbsp;<a href=\"https:\/\/eshop.thenordicmark.hu\/feelings-furniture-paint\" target=\"_blank\" rel=\"noreferrer noopener\">Feelings B\u00fatorfest\u00e9k<\/a><\/p>\n\n\n\n<p>Sz\u00ednezhet\u0151 fest\u00e9kek falra:&nbsp;<a href=\"https:\/\/eshop.thenordicmark.hu\/joker\" target=\"_blank\" rel=\"noreferrer noopener\">Joker<\/a>,&nbsp;<a href=\"https:\/\/eshop.thenordicmark.hu\/optiva-colour\" target=\"_blank\" rel=\"noreferrer noopener\">Optiva Colour<\/a>,&nbsp;<a href=\"https:\/\/eshop.thenordicmark.hu\/optiva-matt-5\" target=\"_blank\" rel=\"noreferrer noopener\">Optiva Matt<\/a>,&nbsp;<a href=\"https:\/\/eshop.thenordicmark.hu\/feelings-interior-paint\" target=\"_blank\" rel=\"noreferrer noopener\">Feelings Belt\u00e9ri Falfest\u00e9k<\/a><\/p>\n\n\n\n<p>Sz\u00ednezhet\u0151 zom\u00e1ncfest\u00e9kek f\u00e9mre \u00e9s f\u00e1ra:&nbsp;<a href=\"https:\/\/eshop.thenordicmark.hu\/everal-semi-matt-30\" target=\"_blank\" rel=\"noreferrer noopener\">Everal old\u00f3szeres zom\u00e1ncfest\u00e9k<\/a>,&nbsp;<a href=\"https:\/\/eshop.thenordicmark.hu\/miranol\" target=\"_blank\" rel=\"noreferrer noopener\">Miranol zom\u00e1ncfest\u00e9k<\/a>,&nbsp;<a href=\"https:\/\/eshop.thenordicmark.hu\/everal-aqua-sm\" target=\"_blank\" rel=\"noreferrer noopener\">Everal Akva vizesb\u00e1zis\u00fa zom\u00e1ncfest\u00e9k<\/a>.<\/p>\n\n\n\n<p>(Forr\u00e1s:&nbsp;<a href=\"https:\/\/tikkurila.com\/inspirations\/bring-color-now-2022-collection-your-home\" target=\"_blank\" rel=\"noreferrer noopener\">Tikkurila honlap<\/a>)<\/p>\n","protected":false},"excerpt":{"rendered":"<p>A Tikkurila \u00c9v Sz\u00edne 2022-ben egy izgalmas kett\u0151s\u00e9get hordoz\u00f3 sz\u00edn\u00e1rnyalat: a K478 Kestrel meleg barna sz\u00edn enyh\u00e9n h\u0171v\u00f6s v\u00f6r\u00f6s t\u00f3nussal, mely egyszerre sugall f\u00f6ldel\u00e9st \u00e9s sz\u00e1rnyal\u00e1st. A f\u0151sz\u00ednt kieg\u00e9sz\u00edt\u0151 tov\u00e1bbi trendsz\u00ednek k\u00f6z\u00f6tt megtal\u00e1lhat\u00f3ak puha fekete \u00e9s b\u00e9zs, h\u0171v\u00f6s k\u00e9kes-z\u00f6ld \u00e9s t\u00fcrkiz sz\u00ednek is, de a sz\u00ednpaletta r\u00e9sze a homokd\u0171ne s\u00e1rga is.<\/p>\n","protected":false},"author":1,"featured_media":281,"comment_status":"closed","ping_status":"closed","sticky":false,"template":"","format":"standard","meta":{"_acf_changed":false,"inline_featured_image":false,"footnotes":""},"categories":[1],"tags":[],"class_list":["post-280","post","type-post","status-publish","format-standard","has-post-thumbnail","hentry","category-uncategorized"],"acf":[],"_links":{"self":[{"href":"https:\/\/www.thenordicmark.com\/hu\/wp-json\/wp\/v2\/posts\/280","targetHints":{"allow":["GET"]}}],"collection":[{"href":"https:\/\/www.thenordicmark.com\/hu\/wp-json\/wp\/v2\/posts"}],"about":[{"href":"https:\/\/www.thenordicmark.com\/hu\/wp-json\/wp\/v2\/types\/post"}],"author":[{"embeddable":true,"href":"https:\/\/www.thenordicmark.com\/hu\/wp-json\/wp\/v2\/users\/1"}],"replies":[{"embeddable":true,"href":"https:\/\/www.thenordicmark.com\/hu\/wp-json\/wp\/v2\/comments?post=280"}],"version-history":[{"count":1,"href":"https:\/\/www.thenordicmark.com\/hu\/wp-json\/wp\/v2\/posts\/280\/revisions"}],"predecessor-version":[{"id":286,"href":"https:\/\/www.thenordicmark.com\/hu\/wp-json\/wp\/v2\/posts\/280\/revisions\/286"}],"wp:featuredmedia":[{"embeddable":true,"href":"https:\/\/www.thenordicmark.com\/hu\/wp-json\/wp\/v2\/media\/281"}],"wp:attachment":[{"href":"https:\/\/www.thenordicmark.com\/hu\/wp-json\/wp\/v2\/media?parent=280"}],"wp:term":[{"taxonomy":"category","embeddable":true,"href":"https:\/\/www.thenordicmark.com\/hu\/wp-json\/wp\/v2\/categories?post=280"},{"taxonomy":"post_tag","embeddable":true,"href":"https:\/\/www.thenordicmark.com\/hu\/wp-json\/wp\/v2\/tags?post=280"}],"curies":[{"name":"wp","href":"https:\/\/api.w.org\/{rel}","templated":true}]}}