{"id":287,"date":"2023-05-25T14:09:31","date_gmt":"2023-05-25T12:09:31","guid":{"rendered":"https:\/\/thenordicmark.com\/hu\/?p=287"},"modified":"2023-05-25T14:09:32","modified_gmt":"2023-05-25T12:09:32","slug":"a-szinek-hangulatteremto-ereje-2022-trendszinei-es-az-altaluk-hordozott-fontos-uzenetek","status":"publish","type":"post","link":"https:\/\/www.thenordicmark.com\/hu\/a-szinek-hangulatteremto-ereje-2022-trendszinei-es-az-altaluk-hordozott-fontos-uzenetek\/","title":{"rendered":"A sz\u00ednek hangulatteremt\u0151 ereje: 2022 trendsz\u00ednei \u00e9s az \u00e1ltaluk hordozott fontos \u00fczenetek"},"content":{"rendered":"\n<p><strong>\u00c9v Sz\u00edne \u2013 mi\u00e9rt fontos?<\/strong><\/p>\n\n\n\n<p>\u00c9v v\u00e9ge fele vagy m\u00e9g nagyon kor\u00e1n \u00e9v elej\u00e9n, a fest\u00e9kgy\u00e1rt\u00f3k t\u00f6bbs\u00e9ge a kezd\u0151d\u0151 \u00e9vre vonatkoz\u00f3, uralkod\u00f3 trendsz\u00edneket v\u00e1laszt, melyekkel egy\u00fctt fontosnak tartott \u00fczenetet, meger\u0151s\u00edt\u00e9st is k\u00f6zvet\u00edt. Kor\u00e1bban is megfigyelhet\u0151 volt, de a pand\u00e9mia alatt egy\u00e9rtelm\u0171 v\u00e1lt a t\u00f6rekv\u00e9s, hogy az \u00e9v sz\u00edn\u00e9nek v\u00e1lasztott \u00e1rnyalat \u00e9s a hozz\u00e1 tartoz\u00f3 sz\u00ednsk\u00e1la t\u00fckr\u00f6zze az \u00e1ltal\u00e1nos hangulatot, de ami enn\u00e9l fontosabb, olyan \u00fczenetet hordozzon, mely egyfajta megold\u00e1st, t\u00e1mogat\u00e1st, ezzel egy\u00fctt rem\u00e9nyt is ny\u00fajthat a nehezebb id\u0151kben. 2022-re p\u00e9ld\u00e1ul sz\u00e1mos gy\u00e1rt\u00f3 a term\u00e9szet folyamatos meg\u00fajul\u00e1sra val\u00f3 k\u00e9pess\u00e9g\u00e9t, a f\u00f6ldi, f\u00f6ldelt energi\u00e1k \u00e1ltal ny\u00fajtott biztons\u00e1g\u00e9rzetet fogalmazza meg olyan meger\u0151s\u00edt\u0151 gondolatk\u00e9nt, amelyet a sz\u00ednek seg\u00edts\u00e9g\u00e9vel \u00e9s azok erej\u00e9t kihaszn\u00e1lva, bevihet\u00fcnk otthonunkba.<\/p>\n\n\n\n<p><strong>Tikkurila \u00c9v Sz\u00edne 2022: K478 Kestrel<\/strong><\/p>\n\n\n\n<p>Az enyh\u00e9n h\u0171v\u00f6sv\u00f6r\u00f6s t\u00f3nus\u00fa melegbarna \u00e1rnyalat izgalmas kett\u0151s\u00e9get hordoz: egyszerre sugall f\u00f6ldel\u00e9st \u00e9s sz\u00e1rnyal\u00e1st. A v\u00e1laszt\u00e1st a v\u00f6r\u00f6s v\u00e9rcse ihlette, nem csak tollazat\u00e1nak sz\u00edne, hanem vonul\u00f3 \u00e9letm\u00f3dja miatt is. A gy\u00e1rt\u00f3 \u00e1ltal megfogalmazott gondolat alapj\u00e1n, otthonunk hangulat\u00e1t er\u0151sen \u00e1thatja \u00fatjaink sor\u00e1n szerzett \u00e9lm\u00e9nyeink, tapasztalataink sokas\u00e1ga, melyeknek lenyomata a lak\u00f3teret sz\u00ednnel \u00e9s l\u00e9lekkel gazdag\u00edtja. Ugyanez ford\u00edtva is igaz, hiszen az \u00fajabb \u00e9s \u00fajabb kalandok akkor teljesek, ha \u00e9rz\u00e9sben v\u00e9gig vel\u00fcnk van az otthonunk ny\u00fajtotta biztons\u00e1g\u00e9rzet.<\/p>\n\n\n\n<figure class=\"wp-block-image size-full\"><img decoding=\"async\" width=\"1200\" height=\"573\" src=\"https:\/\/www.thenordicmark.com\/hu\/wp-content\/uploads\/2023\/05\/tikkurila-colornow2022-archipelago5-horz.jpg\" alt=\"\" class=\"wp-image-282\" srcset=\"https:\/\/www.thenordicmark.com\/hu\/wp-content\/uploads\/2023\/05\/tikkurila-colornow2022-archipelago5-horz.jpg 1200w, https:\/\/www.thenordicmark.com\/hu\/wp-content\/uploads\/2023\/05\/tikkurila-colornow2022-archipelago5-horz-520x248.jpg 520w, https:\/\/www.thenordicmark.com\/hu\/wp-content\/uploads\/2023\/05\/tikkurila-colornow2022-archipelago5-horz-768x367.jpg 768w\" sizes=\"(max-width: 1200px) 100vw, 1200px\" \/><\/figure>\n\n\n\n<p>A sz\u00edntrendsk\u00e1la tov\u00e1bbi \u00e1rnyalatai k\u00f6z\u00f6tt megtal\u00e1lhat\u00f3 a meleg sz\u00ednek (puha b\u00e9zs \u00e9s fekete, sug\u00e1rz\u00f3 homokd\u0171ne s\u00e1rga) \u00e9s a h\u0171v\u00f6sebb, k\u00e9kes-z\u00f6ldes sz\u00ednek enyh\u00e9bb \u00e9s \u00e9l\u00e9nkebb v\u00e1ltozata is.<\/p>\n\n\n\n<figure class=\"wp-block-image size-full\"><img decoding=\"async\" width=\"1200\" height=\"675\" src=\"https:\/\/www.thenordicmark.com\/hu\/wp-content\/uploads\/2023\/05\/l478-kestrel.jpg\" alt=\"\" class=\"wp-image-283\" srcset=\"https:\/\/www.thenordicmark.com\/hu\/wp-content\/uploads\/2023\/05\/l478-kestrel.jpg 1200w, https:\/\/www.thenordicmark.com\/hu\/wp-content\/uploads\/2023\/05\/l478-kestrel-520x293.jpg 520w, https:\/\/www.thenordicmark.com\/hu\/wp-content\/uploads\/2023\/05\/l478-kestrel-768x432.jpg 768w\" sizes=\"(max-width: 1200px) 100vw, 1200px\" \/><\/figure>\n\n\n\n<p>Olvass t\u00f6bbet a Tikkurila 2022-es sz\u00edntrendekr\u0151l itt:&nbsp;<a href=\"https:\/\/www.thenordicmark.com\/hu\/hirek\/tikkurila-trendszinek-2022-re\/\" target=\"_blank\" rel=\"noreferrer noopener\">Tikkurila sz\u00edntrendek 2022-ben<\/a>. A sz\u00ednezhet\u0151 Tikkurila fest\u00e9keket megv\u00e1s\u00e1rolhatod&nbsp;<a href=\"http:\/\/eshop.thenordicmark.hu\/\" target=\"_blank\" rel=\"noreferrer noopener\">webshopunkban<\/a>. Kattints \u00e9s&nbsp;<a href=\"http:\/\/eshop.thenordicmark.hu\/\" target=\"_blank\" rel=\"noreferrer noopener\">tekintsd meg k\u00edn\u00e1latunkat<\/a>!<\/p>\n\n\n\n<p><strong>Dunn-Edwards \u00c9v Sz\u00edne 2022: Art and Crafts DET682<\/strong><\/p>\n\n\n\n<p>Ahogy az \u00e1rnyalat, \u00fagy az \u00e1tadni k\u00edv\u00e1nt \u00fczenet is hasonl\u00f3. A gy\u00e1rt\u00f3 tolm\u00e1csol\u00e1s\u00e1ban a sz\u00edn \u00fczenete a k\u00f6vetkez\u0151: \u201e\u00c9n vagyok a m\u00falt. \u00c9s egy \u00faj j\u00f6v\u0151 \u00edg\u00e9rete. N\u00e9zz befel\u00e9. Tal\u00e1ld meg az univerzumot a r\u00e9szletekben, \u00e9s hagyj nyomot ezen a vil\u00e1gon. \u00c9n itt leszek. Ahogy mindig is itt voltam.\"<\/p>\n\n\n<div class=\"wp-block-image\">\n<figure class=\"aligncenter size-full\"><img decoding=\"async\" width=\"720\" height=\"693\" src=\"https:\/\/www.thenordicmark.com\/hu\/wp-content\/uploads\/2023\/05\/e-2022-coty-print-383351855-art-and-craft-720px.jpg\" alt=\"\" class=\"wp-image-289\" srcset=\"https:\/\/www.thenordicmark.com\/hu\/wp-content\/uploads\/2023\/05\/e-2022-coty-print-383351855-art-and-craft-720px.jpg 720w, https:\/\/www.thenordicmark.com\/hu\/wp-content\/uploads\/2023\/05\/e-2022-coty-print-383351855-art-and-craft-720px-520x501.jpg 520w\" sizes=\"(max-width: 720px) 100vw, 720px\" \/><\/figure><\/div>\n\n\n<p>A sz\u00edn le\u00edr\u00e1s\u00e1t kieg\u00e9sz\u00edtik azzal, hogy \u201eK\u00e9nyelmes, otthonos, nyugtat\u00f3 \u00e9s sokoldal\u00fa, meleg \u00e9s bar\u00e1ts\u00e1gos sz\u00ednk\u00e9nt a f\u00f6ldh\u00f6z \u00e9s a term\u00e9szet \u00e9vszakaihoz k\u00f6t\u0151dik. Az&nbsp;<strong>Art and Craft<\/strong>&nbsp;meleg, f\u00f6ldes \u00e1rnyalat, amely a stabilit\u00e1s \u00e9s a nyugalom \u00e9rz\u00e9s\u00e9t kelti, mik\u00f6zben nagym\u00e9rt\u00e9kben enged teret a kreativit\u00e1snak \u00e9s a v\u00e1ltoz\u00e1snak. A sz\u00edn a visszavonul\u00e1sra, meg\u00fajul\u00e1sra \u00e9s felt\u00f6lt\u0151d\u00e9sre val\u00f3 megh\u00edv\u00e1s, hiszen a f\u00f6ld az eredete mindannak, amiben \u00e9let van.\u201d<\/p>\n\n\n\n<p>A teljes trendsk\u00e1la a barna \u00e9s a neutr\u00e1lis sz\u00ednek tov\u00e1bbi \u00e1rnyalatai mellett a term\u00e9szetben el\u0151fordul\u00f3 \u00e9l\u00e9nk, \u00e9lettel teli sz\u00edneket is felvonultat.<\/p>\n\n\n<div class=\"wp-block-image\">\n<figure class=\"aligncenter size-full\"><img decoding=\"async\" width=\"720\" height=\"1056\" src=\"https:\/\/www.thenordicmark.com\/hu\/wp-content\/uploads\/2023\/05\/de-specsspaces-swatches-artandcraft.jpg\" alt=\"\" class=\"wp-image-290\" srcset=\"https:\/\/www.thenordicmark.com\/hu\/wp-content\/uploads\/2023\/05\/de-specsspaces-swatches-artandcraft.jpg 720w, https:\/\/www.thenordicmark.com\/hu\/wp-content\/uploads\/2023\/05\/de-specsspaces-swatches-artandcraft-355x520.jpg 355w\" sizes=\"(max-width: 720px) 100vw, 720px\" \/><\/figure><\/div>\n\n\n<p><strong>PPG \u00c9v Sz\u00edne 2022 \u2013 Olive Sprig (ol\u00edva\u00e1g)<\/strong><\/p>\n\n\n\n<p>A sz\u00edn a gy\u00f3gyul\u00e1st seg\u00edti el\u0151 \u00e9s ez az, ami\u00e9rt a PPG v\u00e1laszt\u00e1sa \u00e9ppen erre az \u00e1rnyalatra esett, hiszen a j\u00e1rv\u00e1nyhelyzetb\u0151l \u00e9ppen kil\u00e1bal\u00f3 vil\u00e1gnak a term\u00e9szet meg\u00fajulni, alkalmazkodni \u00e9s visszan\u0151ni k\u00e9pes erej\u00e9re van sz\u00fcks\u00e9ge. Az\u00a0<strong>Olive Sprig<\/strong>\u00a0a z\u00f6ld egy semlegesebb \u00e1rnyalata, mely k\u00e9pes b\u00e1rmilyen lak\u00f3teret feldobni organikus vonzerej\u00e9vel \u00e9s b\u00e1j\u00e1val. B\u00e1r a legt\u00f6bb k\u00f6rnyezethez kiv\u00e1l\u00f3an alkalmazkodik, ez a kiemelked\u0151 \u00e1rnyalat k\u00fcl\u00f6n\u00f6sen j\u00f3l p\u00e1ros\u00edthat\u00f3 a mindig trendi fa sz\u00ednekkel.<\/p>\n\n\n<div class=\"wp-block-image\">\n<figure class=\"aligncenter size-full\"><img decoding=\"async\" width=\"980\" height=\"980\" src=\"https:\/\/www.thenordicmark.com\/hu\/wp-content\/uploads\/2023\/05\/olive-sprig-ppg.jpg\" alt=\"\" class=\"wp-image-291\" srcset=\"https:\/\/www.thenordicmark.com\/hu\/wp-content\/uploads\/2023\/05\/olive-sprig-ppg.jpg 980w, https:\/\/www.thenordicmark.com\/hu\/wp-content\/uploads\/2023\/05\/olive-sprig-ppg-520x520.jpg 520w, https:\/\/www.thenordicmark.com\/hu\/wp-content\/uploads\/2023\/05\/olive-sprig-ppg-240x240.jpg 240w, https:\/\/www.thenordicmark.com\/hu\/wp-content\/uploads\/2023\/05\/olive-sprig-ppg-768x768.jpg 768w\" sizes=\"(max-width: 980px) 100vw, 980px\" \/><\/figure><\/div>\n\n\n<p>A kieg\u00e9sz\u00edt\u0151 sz\u00ednsk\u00e1l\u00e1val kapcsolatosan a gy\u00e1rt\u00f3 a k\u00f6vetkez\u0151ket nyilatkozza: \u201eA kifinomult s\u00f6t\u00e9t sz\u00ednek d\u00f6nt\u0151 szerepet j\u00e1tszanak ebben a sz\u00ednt\u00f6rt\u00e9netben, \u00e9s fokozz\u00e1k a m\u0171v\u00e9szi enteri\u0151r\u00f6k ihlette ragyog\u00e1st, melyekben gondos r\u00e9tegez\u00e9sben ker\u00fclnek egym\u00e1sra magass\u00e1g \u00e9s m\u00e9lys\u00e9g tekintet\u00e9ben ak\u00e1r t\u00f6rt\u00e9nelmi utal\u00e1sok\u201d.<\/p>\n\n\n<div class=\"wp-block-image\">\n<figure class=\"aligncenter size-full\"><img decoding=\"async\" width=\"750\" height=\"358\" src=\"https:\/\/www.thenordicmark.com\/hu\/wp-content\/uploads\/2023\/05\/ppg-colour-trends-2022.jpg\" alt=\"\" class=\"wp-image-292\" srcset=\"https:\/\/www.thenordicmark.com\/hu\/wp-content\/uploads\/2023\/05\/ppg-colour-trends-2022.jpg 750w, https:\/\/www.thenordicmark.com\/hu\/wp-content\/uploads\/2023\/05\/ppg-colour-trends-2022-520x248.jpg 520w\" sizes=\"(max-width: 750px) 100vw, 750px\" \/><\/figure><\/div>\n\n\n<p><strong>Benjamin Moore \u00c9v Sz\u00edne 2022: October Mist 1495 (okt\u00f3beri k\u00f6d)<\/strong><\/p>\n\n\n\n<p>A gy\u00e1rt\u00f3 szavaival \u00e9lve: \u201eAdj teret a kreativit\u00e1snak. Egy vir\u00e1g level\u00e9nek ez\u00fcst\u00f6sz\u00f6ldje, az\u00a0<strong>October Mist 1495\u00a0<\/strong>v\u00e1sznat teremt m\u00e1s sz\u00edneknek \u00e9s a k\u00e9pzeletednek is, hogy azok kivir\u00e1gozzanak!\u201d<\/p>\n\n\n<div class=\"wp-block-image\">\n<figure class=\"aligncenter size-full\"><img decoding=\"async\" width=\"1200\" height=\"873\" src=\"https:\/\/www.thenordicmark.com\/hu\/wp-content\/uploads\/2023\/05\/october-mist-1495-benjamin-moore.jpg\" alt=\"\" class=\"wp-image-293\" srcset=\"https:\/\/www.thenordicmark.com\/hu\/wp-content\/uploads\/2023\/05\/october-mist-1495-benjamin-moore.jpg 1200w, https:\/\/www.thenordicmark.com\/hu\/wp-content\/uploads\/2023\/05\/october-mist-1495-benjamin-moore-520x378.jpg 520w, https:\/\/www.thenordicmark.com\/hu\/wp-content\/uploads\/2023\/05\/october-mist-1495-benjamin-moore-768x559.jpg 768w\" sizes=\"(max-width: 1200px) 100vw, 1200px\" \/><\/figure><\/div>\n\n\n<p>Csak\u00fagy, mint a PPG est\u00e9n is, a kieg\u00e9sz\u00edt\u0151 trendsz\u00ednsk\u00e1la a term\u00e9szetben megtal\u00e1lhat\u00f3 \u00e9s annak erej\u00e9t, meg\u00fajul\u00e1sra val\u00f3 t\u00f6rekv\u00e9s\u00e9t \u00e9s lend\u00fclet\u00e9t tolm\u00e1csol\u00f3 sz\u00edneket tartalmazza.<\/p>\n\n\n<div class=\"wp-block-image\">\n<figure class=\"aligncenter size-full\"><img decoding=\"async\" width=\"1024\" height=\"683\" src=\"https:\/\/www.thenordicmark.com\/hu\/wp-content\/uploads\/2023\/05\/2022-benjamin-moore-colors-of-the-year-1200-x-800-px-1024x683-1.jpg\" alt=\"\" class=\"wp-image-294\" srcset=\"https:\/\/www.thenordicmark.com\/hu\/wp-content\/uploads\/2023\/05\/2022-benjamin-moore-colors-of-the-year-1200-x-800-px-1024x683-1.jpg 1024w, https:\/\/www.thenordicmark.com\/hu\/wp-content\/uploads\/2023\/05\/2022-benjamin-moore-colors-of-the-year-1200-x-800-px-1024x683-1-520x347.jpg 520w, https:\/\/www.thenordicmark.com\/hu\/wp-content\/uploads\/2023\/05\/2022-benjamin-moore-colors-of-the-year-1200-x-800-px-1024x683-1-768x512.jpg 768w\" sizes=\"(max-width: 1024px) 100vw, 1024px\" \/><\/figure><\/div>\n\n\n<p><strong>Caparol trendsz\u00ednek 2022 \u2013 M\u00e1lyva<\/strong><\/p>\n\n\n\n<p>A gy\u00e1rt\u00f3 koncepci\u00f3ja alapj\u00e1n \u201eA fekete, sz\u00fcrke \u00e9s b\u00e9zs \u00e1rnyalatok korszaka ut\u00e1n most a sz\u00edness\u00e9g ir\u00e1ny\u00e1ba mutat\u00f3 tendenci\u00e1t figyelhetj\u00fck meg. Ez a jelenlegi fejlem\u00e9nyeknek k\u00f6sz\u00f6nhet\u0151: egyr\u00e9szt strukt\u00far\u00e1ra \u00e9s biztons\u00e1g\u00e9rzetre v\u00e1gyunk, m\u00e1sr\u00e9szt k\u00f6nnyeds\u00e9gre \u00e9s vid\u00e1ms\u00e1gra. Lehet\u0151s\u00e9g\u00fcnk van ugyanakkor arra, hogy tudatosan \u00e9s tart\u00f3san v\u00e1ltoztassunk - \u00e9s \u00e9rezz\u00fck is a v\u00e1gyat erre. \u00c1m a val\u00f3s\u00e1g minden dinamik\u00e1ja ellen\u00e9re, a trendek a maguk temp\u00f3j\u00e1ban alakulnak, \u00edgy egyel\u0151re csak egy \u00e9rz\u00e9keny, visszafogott \u00e1rnyalat marad, amely m\u00e9gis nagy kifejez\u0151er\u0151vel b\u00fcszk\u00e9lkedhet: a m\u00e1lyva.<\/p>\n\n\n\n<p>A Caparol azonban egyed\u00fcl\u00e1ll\u00f3 m\u00f3don, a m\u00e1lyvasz\u00edn h\u00e1rom sz\u00ednvil\u00e1g\u00e1t is bevezeti a 2022-es trendsz\u00ednek k\u00f6z\u00e9, melyek k\u00f6z\u00fcl, az ember boldogs\u00e1g \u00e9s k\u00f6nnyeds\u00e9g ut\u00e1ni v\u00e1gy\u00e1t kifejez\u0151\u00a0<strong>Ros\u00e9-Mauve<\/strong>\u00a0(m\u00e1lyvar\u00f3zasz\u00edn) \u00e1ll f\u00f3kuszban.<\/p>\n\n\n<div class=\"wp-block-image\">\n<figure class=\"aligncenter size-full\"><img decoding=\"async\" width=\"1200\" height=\"855\" src=\"https:\/\/www.thenordicmark.com\/hu\/wp-content\/uploads\/2023\/05\/csm-trend2022-farbwelt1-moodboard-f310cd1cfb.jpg\" alt=\"\" class=\"wp-image-295\" srcset=\"https:\/\/www.thenordicmark.com\/hu\/wp-content\/uploads\/2023\/05\/csm-trend2022-farbwelt1-moodboard-f310cd1cfb.jpg 1200w, https:\/\/www.thenordicmark.com\/hu\/wp-content\/uploads\/2023\/05\/csm-trend2022-farbwelt1-moodboard-f310cd1cfb-520x371.jpg 520w, https:\/\/www.thenordicmark.com\/hu\/wp-content\/uploads\/2023\/05\/csm-trend2022-farbwelt1-moodboard-f310cd1cfb-768x547.jpg 768w\" sizes=\"(max-width: 1200px) 100vw, 1200px\" \/><\/figure><\/div>\n\n\n<p>A m\u00e1sodik m\u00e1lyvasz\u00ednvil\u00e1g k\u00f6zpontj\u00e1ban a\u00a0<strong>Powder-Mauve\u00a0<\/strong>(p\u00fader m\u00e1lyva) sz\u00fcrk\u00e9sebb t\u00f3nus\u00fa, kifinomult, nyugodt \u00e9s l\u00e9gies r\u00f3zsasz\u00edn \u00e1ll:<\/p>\n\n\n<div class=\"wp-block-image\">\n<figure class=\"aligncenter size-full\"><img decoding=\"async\" width=\"1200\" height=\"855\" src=\"https:\/\/www.thenordicmark.com\/hu\/wp-content\/uploads\/2023\/05\/csm-trend2022-farbwelt2-moodboard-7508da622e.jpg\" alt=\"\" class=\"wp-image-296\" srcset=\"https:\/\/www.thenordicmark.com\/hu\/wp-content\/uploads\/2023\/05\/csm-trend2022-farbwelt2-moodboard-7508da622e.jpg 1200w, https:\/\/www.thenordicmark.com\/hu\/wp-content\/uploads\/2023\/05\/csm-trend2022-farbwelt2-moodboard-7508da622e-520x371.jpg 520w, https:\/\/www.thenordicmark.com\/hu\/wp-content\/uploads\/2023\/05\/csm-trend2022-farbwelt2-moodboard-7508da622e-768x547.jpg 768w\" sizes=\"(max-width: 1200px) 100vw, 1200px\" \/><\/figure><\/div>\n\n\n<p>A m\u00e1lyvasz\u00edn harmadik \u00f6ssze\u00e1ll\u00edt\u00e1s\u00e1ban a f\u0151 helyet a\u00a0<strong>Lavender-Mauve<\/strong>\u00a0(lil\u00e1sm\u00e1lyva) foglalja el, mely biztons\u00e1gos nyugalmat ihlet\u0151 hat\u00e1s\u00e1val \u00e9rdemelte ki a kiemel\u00e9st:<\/p>\n\n\n<div class=\"wp-block-image\">\n<figure class=\"aligncenter size-full\"><img decoding=\"async\" width=\"1200\" height=\"855\" src=\"https:\/\/www.thenordicmark.com\/hu\/wp-content\/uploads\/2023\/05\/csm-trend2022-farbwelt3-moodboard-2-d26ffec068.jpg\" alt=\"\" class=\"wp-image-297\" srcset=\"https:\/\/www.thenordicmark.com\/hu\/wp-content\/uploads\/2023\/05\/csm-trend2022-farbwelt3-moodboard-2-d26ffec068.jpg 1200w, https:\/\/www.thenordicmark.com\/hu\/wp-content\/uploads\/2023\/05\/csm-trend2022-farbwelt3-moodboard-2-d26ffec068-520x371.jpg 520w, https:\/\/www.thenordicmark.com\/hu\/wp-content\/uploads\/2023\/05\/csm-trend2022-farbwelt3-moodboard-2-d26ffec068-768x547.jpg 768w\" sizes=\"(max-width: 1200px) 100vw, 1200px\" \/><\/figure><\/div>\n\n\n<p><strong>Dulux \u00c9v sz\u00edne 2022 - Bright Skies&nbsp;(der\u0171s \u00e9gbolt)<\/strong><\/p>\n\n\n\n<p>A v\u00e1laszt\u00e1sra ebben az esetben is az ut\u00f3bbi p\u00e1r \u00e9v megpr\u00f3b\u00e1ltat\u00e1sai voltak hat\u00e1ssal, illetve a neh\u00e9zs\u00e9gek k\u00f6vetkezt\u00e9ben sz\u00fcletett, fell\u00e9legz\u00e9s, friss leveg\u0151 \u00e9s a der\u0171s \u00e9gbolt ut\u00e1ni v\u00e1gy. A&nbsp;<strong>Bright Skies&nbsp;k\u00f6nnyed<\/strong>, leveg\u0151s, der\u0171l\u00e1t\u00e1st sugall\u00f3 k\u00e9k \u00e1rnyalat, mely a nyitotts\u00e1g \u00e9s a felt\u00f6lt\u0151d\u00e9s \u00edg\u00e9ret\u00e9t hordozza \u00e9s a l\u00e9leknek is j\u00f3t tesz.<\/p>\n\n\n<div class=\"wp-block-image\">\n<figure class=\"aligncenter size-full\"><img decoding=\"async\" width=\"1200\" height=\"675\" src=\"https:\/\/www.thenordicmark.com\/hu\/wp-content\/uploads\/2023\/05\/bright-skies-dulux.jpg\" alt=\"\" class=\"wp-image-298\" srcset=\"https:\/\/www.thenordicmark.com\/hu\/wp-content\/uploads\/2023\/05\/bright-skies-dulux.jpg 1200w, https:\/\/www.thenordicmark.com\/hu\/wp-content\/uploads\/2023\/05\/bright-skies-dulux-520x293.jpg 520w, https:\/\/www.thenordicmark.com\/hu\/wp-content\/uploads\/2023\/05\/bright-skies-dulux-768x432.jpg 768w\" sizes=\"(max-width: 1200px) 100vw, 1200px\" \/><\/figure><\/div>\n\n\n<p>A gy\u00e1rt\u00f3 megl\u00e1t\u00e1s\u00e1ban \u201eAk\u00e1r dolgozunk, ak\u00e1r pihen\u00fcnk, ak\u00e1r alkotunk, ak\u00e1r sportolunk, elengedhetetlen, hogy olyan t\u00e9rben legy\u00fcnk, amely t\u00fckr\u00f6zi az optimizmust \u00e9s a friss, \u00fajrakezd\u00e9s ir\u00e1nti v\u00e1gyat, amely az el\u0151tt\u00fcnk \u00e1ll\u00f3 \u00e9v legfontosabb c\u00e9lja.\u00a0 A\u00a0<strong>Bright Skies\u00a0<\/strong>azonban nem a t\u00e9tlen \u00e1lmodoz\u00e1sr\u00f3l sz\u00f3l. Arr\u00f3l sz\u00f3l, hogy ezeket az \u00e1lmokat val\u00f3s\u00e1gg\u00e1 v\u00e1ltoztassuk, \u00e9s el\u0151seg\u00edts\u00fck azokat a v\u00e1ltoz\u00e1sokat, amelyeket meg akarunk val\u00f3s\u00edtani. \u00c9ppen ez\u00e9rt a Dulux \u00c9v sz\u00edne 2022 \u00e9s az azt kieg\u00e9sz\u00edt\u0151 paletta jellemz\u0151i a praktikuss\u00e1g, a nyitotts\u00e1g \u00e9s a mindenf\u00e9le ig\u00e9nyhez rugalmasan alkalmazkod\u00e1s k\u00e9pess\u00e9ge\u201d.<\/p>\n\n\n<div class=\"wp-block-image\">\n<figure class=\"aligncenter size-full\"><img decoding=\"async\" width=\"1000\" height=\"482\" src=\"https:\/\/www.thenordicmark.com\/hu\/wp-content\/uploads\/2023\/05\/5bcfac-bb9979b317114617a5f5ee70dda89208-mv2.jpg\" alt=\"\" class=\"wp-image-299\" srcset=\"https:\/\/www.thenordicmark.com\/hu\/wp-content\/uploads\/2023\/05\/5bcfac-bb9979b317114617a5f5ee70dda89208-mv2.jpg 1000w, https:\/\/www.thenordicmark.com\/hu\/wp-content\/uploads\/2023\/05\/5bcfac-bb9979b317114617a5f5ee70dda89208-mv2-520x251.jpg 520w, https:\/\/www.thenordicmark.com\/hu\/wp-content\/uploads\/2023\/05\/5bcfac-bb9979b317114617a5f5ee70dda89208-mv2-768x370.jpg 768w\" sizes=\"(max-width: 1000px) 100vw, 1000px\" \/><\/figure><\/div>\n\n\n<p><strong>Pantone \u00c9v Sz\u00edne 2022 - 17-3938 Very Peri<\/strong><\/p>\n\n\n\n<p>A Pantone \u00c9v Sz\u00edn\u00e9nek bejelent\u00e9se m\u00e1r \u00e9vek \u00f3ta igazi esem\u00e9nynek sz\u00e1m\u00edt a sz\u00ednek vil\u00e1g\u00e1ban \u00e9s jellemz\u0151en akt\u00edvan reag\u00e1l r\u00e1 t\u00f6bb ipar\u00e1g is, a fest\u00e9kipart\u00f3l kezdve, eg\u00e9szen a divatiparig. A 2022-re v\u00e1lasztott sz\u00edn els\u0151re teljesen el\u00fct a fest\u00e9kgy\u00e1rt\u00f3l \u00e1ltal v\u00e1lasztott \u00e1rnyalatokr\u00f3l, de az alaposabb megfigyel\u00e9s azt engedi l\u00e1ttatni, hogy a Pantone gyakorlatilag ugyanazt az er\u0151s\u00f6d\u00e9sre, meg\u00fajul\u00e1sra, rem\u00e9nyre \u00e9s der\u0171re ir\u00e1nyul\u00f3 \u00fczenetet fogalmazza meg: \u201eA gondtalan magabiztoss\u00e1got \u00e9s a kreat\u00edv szellem\u00fcnket \u00e9ltet\u0151 mer\u00e9sz k\u00edv\u00e1ncsis\u00e1got t\u00fckr\u00f6z\u0151, k\u00edv\u00e1ncsi \u00e9s \u00e9rdekes\u00a0<strong>PANTONE 17-3938 Very Peri<\/strong>\u00a0abban seg\u00edt, hogy elfogadjuk a lehet\u0151s\u00e9gek megv\u00e1ltozott t\u00e1jk\u00e9p\u00e9t, \u00e9s \u00faj l\u00e1t\u00e1sm\u00f3dot nyithassunk, mik\u00f6zben \u00fajra\u00edrjuk az \u00e9let\u00fcnket. A k\u00e9k \u00e1ltal \u00e1ltal\u00e1nosan k\u00e9pviselt der\u0171t \u00e9s h\u00e1l\u00e1t egy \u00faj, a mai korban is \u00e9rv\u00e9nyes\u00fcl\u0151 perspekt\u00edv\u00e1val eg\u00e9sz\u00edti ki, \u00e9s ezzel \u00faj megvil\u00e1g\u00edt\u00e1sba helyezi az el\u0151tt\u00fcnk \u00e1ll\u00f3 j\u00f6v\u0151t\u201d.<\/p>\n\n\n<div class=\"wp-block-image\">\n<figure class=\"aligncenter size-full is-resized\"><img decoding=\"async\" src=\"https:\/\/www.thenordicmark.com\/hu\/wp-content\/uploads\/2023\/05\/very-peri-pantone-3.jpg\" alt=\"\" class=\"wp-image-300\" width=\"781\" height=\"535\" srcset=\"https:\/\/www.thenordicmark.com\/hu\/wp-content\/uploads\/2023\/05\/very-peri-pantone-3.jpg 781w, https:\/\/www.thenordicmark.com\/hu\/wp-content\/uploads\/2023\/05\/very-peri-pantone-3-520x356.jpg 520w, https:\/\/www.thenordicmark.com\/hu\/wp-content\/uploads\/2023\/05\/very-peri-pantone-3-768x526.jpg 768w\" sizes=\"(max-width: 781px) 100vw, 781px\" \/><\/figure><\/div>\n\n\n<p>Elmondhat\u00f3 teh\u00e1t, hogy a sz\u00edntrendek vil\u00e1ga \u00e9l\u0151, folyamatos mozg\u00e1sban l\u00e9v\u0151 vil\u00e1g, mely egy\u00fctt rezd\u00fcl bolyg\u00f3nk \u00e9let\u00e9vel \u00e9s a t\u00f6rt\u00e9n\u00e9sek \u00e1ltal megk\u00edv\u00e1nt reakci\u00f3kkal \u00e9s megold\u00e1sokkal.<\/p>\n\n\n\n<p>Ha otthonodban, k\u00f6rnyezetedben Te is szeretn\u00e9d haszn\u00e1lni a trendsz\u00ednek erej\u00e9t, mi sz\u00edvesen \u00e1llunk rendelkez\u00e9sre. Az \u00e1ltalunk forgalmazott, rendk\u00edv\u00fcl sz\u00e9les term\u00e9kk\u00edn\u00e1lat \u00e9s az ebben kiemelt szerepet bet\u00f6lt\u0151 sz\u00ednezhet\u0151, min\u0151s\u00e9gi fest\u00e9kek \u00e9s bevonatok r\u00e9v\u00e9n, seg\u00edteni tudunk b\u00e1rmely elk\u00e9pzel\u00e9sed val\u00f3ra v\u00e1lt\u00e1s\u00e1ban.<\/p>\n\n\n\n<p>P\u00e1r p\u00e9lda a k\u00fcl\u00f6nb\u00f6z\u0151 alapfel\u00fcletetek dekor\u00e1ci\u00f3s \u00e9s v\u00e9delmet ny\u00fajt\u00f3 fest\u00e9s\u00e9re alkalmas Tikkurila term\u00e9kk\u00edn\u00e1latb\u00f3l:<\/p>\n\n\n\n<p>Sz\u00ednezhet\u0151 fest\u00e9kek b\u00fatorra:&nbsp;<a href=\"http:\/\/eshop.thenordicmark.hu\/feelings-furniture-paint\" target=\"_blank\" rel=\"noreferrer noopener\">Feelings B\u00fatorfest\u00e9k<\/a><\/p>\n\n\n\n<p>Sz\u00ednezhet\u0151 fest\u00e9kek falra:&nbsp;<a href=\"http:\/\/eshop.thenordicmark.hu\/joker\" target=\"_blank\" rel=\"noreferrer noopener\">Joker<\/a>,&nbsp;<a href=\"http:\/\/eshop.thenordicmark.hu\/optiva-colour\" target=\"_blank\" rel=\"noreferrer noopener\">Optiva Colour<\/a>,&nbsp;<a href=\"http:\/\/eshop.thenordicmark.hu\/optiva-matt-5\" target=\"_blank\" rel=\"noreferrer noopener\">Optiva Matt 5<\/a><\/p>\n\n\n\n<p>Sz\u00ednezhet\u0151 zom\u00e1ncfest\u00e9kek f\u00e9mre \u00e9s f\u00e1ra:&nbsp;<a href=\"http:\/\/eshop.thenordicmark.hu\/miranol\" target=\"_blank\" rel=\"noreferrer noopener\">Miranol<\/a>,&nbsp;<a href=\"http:\/\/eshop.thenordicmark.hu\/everal-aqua-sm\" target=\"_blank\" rel=\"noreferrer noopener\">Everal Akva<\/a><\/p>\n\n\n\n<p>Keress benn\u00fcnket bizalommal!<\/p>\n","protected":false},"excerpt":{"rendered":"<p>Milyen v\u00e1laszokat adnak 2022-ben a fest\u00e9kgy\u00e1rt\u00f3k a k\u00e9rd\u00e9sre: mi az idei legfontosabb \u00fczenet \u00e9s mely sz\u00edn alkalmas ennek a leger\u0151teljesebb k\u00f6zvet\u00edt\u00e9s\u00e9re? R\u00f6vid \u00e1ttekint\u00e9s k\u00f6vetkezik, mely \u00f6sszefoglalja a fest\u00e9kipar k\u00fcl\u00f6nb\u00f6z\u0151 szerepl\u0151inek v\u00e1laszt\u00e1s\u00e1t.<\/p>\n","protected":false},"author":1,"featured_media":288,"comment_status":"closed","ping_status":"closed","sticky":false,"template":"","format":"standard","meta":{"_acf_changed":false,"inline_featured_image":false,"footnotes":""},"categories":[1],"tags":[],"class_list":["post-287","post","type-post","status-publish","format-standard","has-post-thumbnail","hentry","category-uncategorized"],"acf":[],"_links":{"self":[{"href":"https:\/\/www.thenordicmark.com\/hu\/wp-json\/wp\/v2\/posts\/287","targetHints":{"allow":["GET"]}}],"collection":[{"href":"https:\/\/www.thenordicmark.com\/hu\/wp-json\/wp\/v2\/posts"}],"about":[{"href":"https:\/\/www.thenordicmark.com\/hu\/wp-json\/wp\/v2\/types\/post"}],"author":[{"embeddable":true,"href":"https:\/\/www.thenordicmark.com\/hu\/wp-json\/wp\/v2\/users\/1"}],"replies":[{"embeddable":true,"href":"https:\/\/www.thenordicmark.com\/hu\/wp-json\/wp\/v2\/comments?post=287"}],"version-history":[{"count":1,"href":"https:\/\/www.thenordicmark.com\/hu\/wp-json\/wp\/v2\/posts\/287\/revisions"}],"predecessor-version":[{"id":301,"href":"https:\/\/www.thenordicmark.com\/hu\/wp-json\/wp\/v2\/posts\/287\/revisions\/301"}],"wp:featuredmedia":[{"embeddable":true,"href":"https:\/\/www.thenordicmark.com\/hu\/wp-json\/wp\/v2\/media\/288"}],"wp:attachment":[{"href":"https:\/\/www.thenordicmark.com\/hu\/wp-json\/wp\/v2\/media?parent=287"}],"wp:term":[{"taxonomy":"category","embeddable":true,"href":"https:\/\/www.thenordicmark.com\/hu\/wp-json\/wp\/v2\/categories?post=287"},{"taxonomy":"post_tag","embeddable":true,"href":"https:\/\/www.thenordicmark.com\/hu\/wp-json\/wp\/v2\/tags?post=287"}],"curies":[{"name":"wp","href":"https:\/\/api.w.org\/{rel}","templated":true}]}}