{"id":302,"date":"2023-05-25T14:12:46","date_gmt":"2023-05-25T12:12:46","guid":{"rendered":"https:\/\/thenordicmark.com\/hu\/?p=302"},"modified":"2023-05-25T14:12:47","modified_gmt":"2023-05-25T12:12:47","slug":"biocomb-kornyezetbarat-kerttisztitas","status":"publish","type":"post","link":"https:\/\/www.thenordicmark.com\/hu\/biocomb-kornyezetbarat-kerttisztitas\/","title":{"rendered":"BioComb - K\u00f6rnyezetbar\u00e1t kerttiszt\u00edt\u00e1s"},"content":{"rendered":"\n<p>Ahogy egyre n\u00f6vekszik a naps\u00fct\u00e9ses \u00f3r\u00e1k sz\u00e1ma, \u00fagy igyeksz\u00fcnk egyre t\u00f6bbet lenni a kert\u00fcnkben, amely k\u00f6rnyezet\u00e9t szeretn\u00e9k rendezett\u00e9, tiszt\u00e1v\u00e1 tenni. Gyoml\u00e1lhatunk, festhet\u00fcnk \u00e9s letiszt\u00edthatjuk a r\u00e9gi, ben\u0151tt fel\u00fcleteket legyen sz\u00f3 ak\u00e1r a j\u00e1r\u00f3lapok k\u00f6zti r\u00e9sekr\u0151l vagy a ker\u00edt\u00e9s\u00fcnkr\u0151l. Ezeken a helyeken gyakran megtelepedhetnek alg\u00e1k, moh\u00e1k illetve pen\u00e9szfoltok cs\u00faf\u00edthatj\u00e1k el az \u00f6sszk\u00e9pet. Fontos azonban, hogy milyen anyagokat haszn\u00e1lunk k\u00fcl\u00f6n\u00f6sen tiszt\u00edt\u00f3szerek eset\u00e9ben. Az er\u0151s vegyianyagokat, amelyek az eg\u00e9szs\u00e9gre \u00e9s z\u00f6ldk\u00f6rnyezetre egyar\u00e1nt vesz\u00e9lyesek, mindenk\u00e9ppen \u00e9rdemes elker\u00fcln\u00fcnk.<\/p>\n\n\n<div class=\"wp-block-image\">\n<figure class=\"aligncenter size-full\"><a href=\"https:\/\/eshop.thenordicmark.hu\/biocomb-mohas-feluletre\" target=\"_blank\" rel=\"noreferrer noopener\"><img decoding=\"async\" width=\"397\" height=\"594\" src=\"https:\/\/www.thenordicmark.com\/hu\/wp-content\/uploads\/2023\/05\/biocomb-tisztitoszer-mohas-feluletre-2.png\" alt=\"\" class=\"wp-image-304\" srcset=\"https:\/\/www.thenordicmark.com\/hu\/wp-content\/uploads\/2023\/05\/biocomb-tisztitoszer-mohas-feluletre-2.png 397w, https:\/\/www.thenordicmark.com\/hu\/wp-content\/uploads\/2023\/05\/biocomb-tisztitoszer-mohas-feluletre-2-348x520.png 348w\" sizes=\"(max-width: 397px) 100vw, 397px\" \/><\/a><\/figure><\/div>\n\n\n<h4 class=\"wp-block-heading\"><strong>Mi is a BioComb?<\/strong><\/h4>\n\n\n\n<p>A sv\u00e9d BioComb term\u00e9kcsal\u00e1d k\u00f6rnyezetv\u00e9delmi szempontokat figyelembe v\u00e9ve lett kialak\u00edtva. A biol\u00f3giailag leboml\u00f3 term\u00e9k, elektrol\u00edzis seg\u00edts\u00e9g\u00e9vel elt\u00e1vol\u00edtja a szennyez\u0151d\u00e9seket a legt\u00f6bb fel\u00fcletr\u0151l. A hat\u00f3anyagok megv\u00e1ltoztatj\u00e1k a sejtek elektromos t\u00f6lt\u00e9seit, amelyek ez\u00e1ltal elv\u00e1lnak a probl\u00e9m\u00e1s ter\u00fcletr\u0151l. A&nbsp;<a href=\"https:\/\/eshop.thenordicmark.hu\/biocomb-mohas-feluletre\" target=\"_blank\" rel=\"noopener\">Tiszt\u00edt\u00f3szer Moh\u00e1s Fel\u00fcletre<\/a>&nbsp;hat\u00e9konyan, de k\u00edm\u00e9letesen t\u00e1vol\u00edtja el kert leburkolt r\u00e9szein vagy az aut\u00f3be\u00e1ll\u00f3 burkolat\u00e1nak r\u00e9sei k\u00f6z\u00fcl a nemk\u00edv\u00e1natos szennyez\u0151d\u00e9seket. 3 az 1-ben (Elt\u00e1vol\u00edt \u2013 Tiszt\u00edt \u2013 Megel\u0151z) bel- \u00e9s k\u00fclt\u00e9ren egyar\u00e1nt alkalmazhat\u00f3, valamennyi fa-, t\u00e9gla-, beton-, k\u0151-, vakolt \u00e9s textilfel\u00fcletre. Korhad\u00e1sg\u00e1tl\u00f3t is tartalmaz, \u00edgy biztos\u00edtja a kezelt fafel\u00fclet v\u00e9delm\u00e9t.<\/p>\n\n\n\n<figure class=\"wp-block-embed is-type-video is-provider-youtube wp-block-embed-youtube wp-embed-aspect-16-9 wp-has-aspect-ratio\"><div class=\"wp-block-embed__wrapper\">\n<iframe loading=\"lazy\" title=\"BioComb Moha \u00e9s Zuzm\u00f3\u00f6l\u0151 tiszt\u00edt\u00f3\" width=\"500\" height=\"281\" src=\"https:\/\/www.youtube.com\/embed\/G3iO2oHv_E8?feature=oembed\" frameborder=\"0\" allow=\"accelerometer; autoplay; clipboard-write; encrypted-media; gyroscope; picture-in-picture; web-share\" referrerpolicy=\"strict-origin-when-cross-origin\" allowfullscreen><\/iframe>\n<\/div><\/figure>\n\n\n\n<h4 class=\"wp-block-heading\"><strong>Hogyan haszn\u00e1ljuk?<\/strong><\/h4>\n\n\n\n<p>A\u00a0<a href=\"https:\/\/eshop.thenordicmark.hu\/biocomb-mohas-feluletre\" target=\"_blank\" rel=\"noopener\">Tiszt\u00edt\u00f3szer Moh\u00e1s Fel\u00fcletre<\/a>\u00a0oldatot permetez\u0151vel, ecsettel, hengerrel, szivaccsal vagy kef\u00e9vel vigy\u00fck fel a fel\u00fcletre. A\u00a0<a href=\"https:\/\/eshop.thenordicmark.hu\/biocomb-mohas-feluletre\" target=\"_blank\" rel=\"noopener\">Tisz\u00edt\u00f3szer Moh\u00e1s Fel\u00fcletere<\/a>\u00a0koncentr\u00e1tumot 1:3 ar\u00e1nyban kell v\u00edzzel h\u00edg\u00edtani, er\u0151sebb szennyez\u0151d\u00e9sek eset\u00e9n t\u00f6m\u00e9nyebb kever\u00e9k is haszn\u00e1lhat\u00f3. 1 liter Tisz\u00edt\u00f3szer Moh\u00e1s Fel\u00fcletekre koncentr\u00e1tumb\u00f3l 4 liter oldatot kapunk (1 r\u00e9sz koncentr\u00e1tum + 3 r\u00e9sz v\u00edz), ami kb. 20 m<sup>2<\/sup>\u00a0fel\u00fclet kezel\u00e9s\u00e9re elegend\u0151. A felhord\u00e1s\u00e1t k\u00f6vet\u0151en a teny\u00e9szetek n\u00e9h\u00e1ny \u00f3ra alatt elhalnak, ezt k\u00f6vet\u0151en mossuk le a fel\u00fcletet. Az oldat felhord\u00e1sa el\u0151tt \u00e9rdemes letiszt\u00edtani a k\u00f6nnyen lev\u00e1l\u00f3 nagyobb szennyez\u0151d\u00e9seket. Az oldat megel\u0151z\u0151 hat\u00e1sa hossz\u00fa ideig tart. A term\u00e9k biol\u00f3giailag lebomlik, k\u00f6rnyezetk\u00e1ros\u00edt\u00f3 hat\u00e1sa nincs.<\/p>\n\n\n<div class=\"wp-block-image\">\n<figure class=\"aligncenter size-full\"><a href=\"https:\/\/eshop.thenordicmark.hu\/biocomb-mohas-feluletre\" target=\"_blank\" rel=\"noreferrer noopener\"><img decoding=\"async\" width=\"300\" height=\"400\" src=\"https:\/\/www.thenordicmark.com\/hu\/wp-content\/uploads\/2023\/05\/Kep3.jpg\" alt=\"\" class=\"wp-image-305\"\/><\/a><\/figure><\/div>\n\n\n<p><a href=\"https:\/\/eshop.thenordicmark.hu\/biocomb-mohas-feluletre\" target=\"_blank\" rel=\"noopener\">BioComb Tiszt\u00edt\u00f3szer Moh\u00e1s Fel\u00fcletre<\/a><\/p>\n\n\n\n<p>Az elhalt mikr\u00f3ba-telepeken k\u00edv\u00fcl, az \u00e1ltalunk kiv\u00e1lasztott fel\u00fclet m\u00e1s jelleg\u0171 szennyez\u0151d\u00e9sekt\u0151l is megtisztul. \u00d6ntisztul\u00f3, de ak\u00e1r moshat\u00f3 is. Ak\u00e1r \u00e9vekre megakad\u00e1lyozza az \u00fajabb lerak\u00f3d\u00e1sok kialakul\u00e1s\u00e1t. A m\u00e9rgez\u0151 anyagokt\u00f3l mentes BioComb term\u00e9kek tart\u00f3s v\u00e9delmet biztos\u00edtanak az \u00faj teny\u00e9szetek kialakul\u00e1s\u00e1val szemben \u00e9s haszn\u00e1lat\u00e1val id\u0151t \u00e9s p\u00e9nzt takar\u00edthatunk meg.<\/p>\n\n\n\n<p><a href=\"http:\/\/eshop.thenordicmark.hu\/biocomb-mohas-feluletre\" target=\"_blank\" rel=\"noopener\"><strong>Ha szeretn\u00e9d kerted k\u00f6rnyezetbar\u00e1t m\u00f3don megtiszt\u00edtani, ide kattintva meg is rendelheted!<\/strong><\/a><\/p>\n\n\n<div class=\"wp-block-image\">\n<figure class=\"aligncenter size-full\"><img decoding=\"async\" width=\"605\" height=\"45\" src=\"https:\/\/www.thenordicmark.com\/hu\/wp-content\/uploads\/2023\/05\/biocomb-tisztitoszer-mohas-feluletre.png\" alt=\"\" class=\"wp-image-306\" srcset=\"https:\/\/www.thenordicmark.com\/hu\/wp-content\/uploads\/2023\/05\/biocomb-tisztitoszer-mohas-feluletre.png 605w, https:\/\/www.thenordicmark.com\/hu\/wp-content\/uploads\/2023\/05\/biocomb-tisztitoszer-mohas-feluletre-520x39.png 520w\" sizes=\"(max-width: 605px) 100vw, 605px\" \/><\/figure><\/div>","protected":false},"excerpt":{"rendered":"<p>\u00daj gener\u00e1ci\u00f3s biol\u00f3giai tiszt\u00edt\u00e1s. Tisztas\u00e1g k\u00f6nnyen, gyorsan, m\u00e9rgez\u0151 anyagok n\u00e9lk\u00fcl.<\/p>\n","protected":false},"author":1,"featured_media":303,"comment_status":"closed","ping_status":"closed","sticky":false,"template":"","format":"standard","meta":{"_acf_changed":false,"inline_featured_image":false,"footnotes":""},"categories":[1],"tags":[],"class_list":["post-302","post","type-post","status-publish","format-standard","has-post-thumbnail","hentry","category-uncategorized"],"acf":[],"_links":{"self":[{"href":"https:\/\/www.thenordicmark.com\/hu\/wp-json\/wp\/v2\/posts\/302","targetHints":{"allow":["GET"]}}],"collection":[{"href":"https:\/\/www.thenordicmark.com\/hu\/wp-json\/wp\/v2\/posts"}],"about":[{"href":"https:\/\/www.thenordicmark.com\/hu\/wp-json\/wp\/v2\/types\/post"}],"author":[{"embeddable":true,"href":"https:\/\/www.thenordicmark.com\/hu\/wp-json\/wp\/v2\/users\/1"}],"replies":[{"embeddable":true,"href":"https:\/\/www.thenordicmark.com\/hu\/wp-json\/wp\/v2\/comments?post=302"}],"version-history":[{"count":1,"href":"https:\/\/www.thenordicmark.com\/hu\/wp-json\/wp\/v2\/posts\/302\/revisions"}],"predecessor-version":[{"id":307,"href":"https:\/\/www.thenordicmark.com\/hu\/wp-json\/wp\/v2\/posts\/302\/revisions\/307"}],"wp:featuredmedia":[{"embeddable":true,"href":"https:\/\/www.thenordicmark.com\/hu\/wp-json\/wp\/v2\/media\/303"}],"wp:attachment":[{"href":"https:\/\/www.thenordicmark.com\/hu\/wp-json\/wp\/v2\/media?parent=302"}],"wp:term":[{"taxonomy":"category","embeddable":true,"href":"https:\/\/www.thenordicmark.com\/hu\/wp-json\/wp\/v2\/categories?post=302"},{"taxonomy":"post_tag","embeddable":true,"href":"https:\/\/www.thenordicmark.com\/hu\/wp-json\/wp\/v2\/tags?post=302"}],"curies":[{"name":"wp","href":"https:\/\/api.w.org\/{rel}","templated":true}]}}