{"id":308,"date":"2022-05-25T14:15:00","date_gmt":"2022-05-25T12:15:00","guid":{"rendered":"https:\/\/thenordicmark.com\/hu\/?p=308"},"modified":"2023-12-11T14:48:37","modified_gmt":"2023-12-11T13:48:37","slug":"alpina-finest-colours-nemet-minoseg-lenyugozo-szimelyseg-es-elegancia","status":"publish","type":"post","link":"https:\/\/www.thenordicmark.com\/hu\/alpina-finest-colours-nemet-minoseg-lenyugozo-szimelyseg-es-elegancia\/","title":{"rendered":"Alpina Finest Colours - N\u00e9met min\u0151s\u00e9g, leny\u0171g\u00f6z\u0151 sz\u00ednm\u00e9lys\u00e9g \u00e9s elegancia"},"content":{"rendered":"\n<p>Olyan otthont szeretne, amely ugyanolyan egyed\u00fcl\u00e1ll\u00f3, mint \u00d6n? \u00dcdv\u00f6z\u00f6lj\u00fck az Apina Finest Colours kollekci\u00f3 vil\u00e1g\u00e1ban! A term\u00e9szet, a m\u0171v\u00e9szet, a kult\u00fara \u00e9s term\u00e9szetben megtal\u00e1lhat\u00f3 leny\u0171g\u00f6z\u0151 helysz\u00ednek \u00e1ltal ihletett nemes matt sz\u00ednek eszt\u00e9tikuma sz\u00e1mos lehet\u0151s\u00e9get k\u00edn\u00e1l az id\u0151tlens\u00e9get sugall\u00f3 hangulat kialak\u00edt\u00e1s\u00e1ra otthon\u00e1ban.<\/p>\n\n\n<div class=\"wp-block-image\">\n<figure class=\"aligncenter size-full\"><img decoding=\"async\" width=\"605\" height=\"276\" src=\"https:\/\/www.thenordicmark.com\/hu\/wp-content\/uploads\/2023\/05\/alpina-finest-colours.png\" alt=\"\" class=\"wp-image-310\" srcset=\"https:\/\/www.thenordicmark.com\/hu\/wp-content\/uploads\/2023\/05\/alpina-finest-colours.png 605w, https:\/\/www.thenordicmark.com\/hu\/wp-content\/uploads\/2023\/05\/alpina-finest-colours-520x237.png 520w\" sizes=\"(max-width: 605px) 100vw, 605px\" \/><\/figure><\/div>\n\n\n<p><strong>A m\u00e1rka<\/strong><\/p>\n\n\n\n<p>A fogyaszt\u00f3k m\u00e1r t\u00f6bb mint 100 \u00e9ve b\u00edznak N\u00e9metorsz\u00e1g legismertebb \u00e9s legn\u00e9pszer\u0171bb fest\u00e9km\u00e1rk\u00e1j\u00e1nak term\u00e9keiben. N\u00e9metorsz\u00e1gban DIY felhaszn\u00e1l\u00f3k k\u00f6r\u00e9ben az Alpina az egyik legismertebb m\u00e1rka, amely egyet jelent az innov\u00e1ci\u00f3val, motorja \u00e9s piacvezet\u0151je a bark\u00e1cs\u00e1gazatnak. Az Alpina \u00e9vtizedek \u00f3ta Eur\u00f3pa legkelend\u0151bb belt\u00e9ri fest\u00e9ke \u00e9s a n\u00e9met Stiftung Warentest fogyaszt\u00f3v\u00e9delmi szervezet jelenlegi tesztgy\u0151ztese. Az Alpina a fenntarthat\u00f3s\u00e1got tartja a legfontosabbnak. Az er\u0151forr\u00e1sok felel\u0151s felhaszn\u00e1l\u00e1sa gener\u00e1ci\u00f3k \u00f3ta a v\u00e1llalati kult\u00fara szerves r\u00e9sz\u00e9t k\u00e9pezi, bele\u00e9rtve a k\u00f6rnyezetbar\u00e1t \u00e9s eg\u00e9szs\u00e9ges nyersanyagok haszn\u00e1lat\u00e1t. Az Alpina az egyik leginnovat\u00edvabb gy\u00e1rt\u00f3 a fest\u00e9kszegmensben, \u00e9s rendszeresen b\u0151v\u00edti term\u00e9kk\u00edn\u00e1lat\u00e1t, a fogyaszt\u00f3i k\u00edv\u00e1ns\u00e1gokat \u00e9s a t\u00e1rsadalmi felel\u0151ss\u00e9gv\u00e1llal\u00e1si tev\u00e9kenys\u00e9g\u00e9t be\u00e9p\u00edtve a term\u00e9kfejleszt\u00e9sbe: Az \u00e1lland\u00f3 megb\u00edzhat\u00f3s\u00e1g \u00e9s a t\u00f6bbsz\u00f6r\u00f6sen d\u00edjnyertes term\u00e9kmin\u0151s\u00e9g teszi az Alpina-t a fest\u00e9kek szak\u00e9rt\u0151j\u00e9v\u00e9 \u00e9s a bark\u00e1csszektor els\u0151 sz\u00e1m\u00fa fest\u00e9km\u00e1rk\u00e1j\u00e1v\u00e1.<\/p>\n\n\n\n<figure class=\"wp-block-embed is-type-video is-provider-youtube wp-block-embed-youtube wp-embed-aspect-16-9 wp-has-aspect-ratio\"><div class=\"wp-block-embed__wrapper\">\n<iframe loading=\"lazy\" title=\"Alpina Finest Colours\" width=\"500\" height=\"281\" src=\"https:\/\/www.youtube.com\/embed\/up2rUrJOHlQ?feature=oembed\" frameborder=\"0\" allow=\"accelerometer; autoplay; clipboard-write; encrypted-media; gyroscope; picture-in-picture; web-share\" referrerpolicy=\"strict-origin-when-cross-origin\" allowfullscreen><\/iframe>\n<\/div><\/figure>\n\n\n\n<p><strong>K\u00fcl\u00f6nleges sz\u00ednmin\u0151s\u00e9g<\/strong><\/p>\n\n\n\n<p>Az Alpina m\u00e1r gener\u00e1ci\u00f3k \u00f3ta gy\u00f6ny\u00f6rk\u00f6dteti az embereket magas fed\u0151k\u00e9pess\u00e9g\u00e9vel \u00e9s kiv\u00e1l\u00f3 sz\u00ednmin\u0151s\u00e9g\u00e9vel. Az eredeti Alpina fed\u0151k\u00e9pess\u00e9ge garant\u00e1lja a k\u00f6nny\u0171 \u00e9s gyors fest\u00e9st t\u00f6k\u00e9letes eredm\u00e9nnyel. Az Alpina Finest Colours kollekci\u00f3 32 id\u0151tlen matt \u00e1rnyalatot k\u00edn\u00e1l \u00d6nnek, amelyekkel a legapr\u00f3bb r\u00e9szletekig, harmonikusan alak\u00edthatja ki otthona sz\u00ednvil\u00e1g\u00e1t. Minden egyes sz\u00edn m\u00f6g\u00f6tt egy saj\u00e1t t\u00f6rt\u00e9net \u00e1ll: a m\u0171v\u00e9szet, a kult\u00fara, a t\u00f6rt\u00e9nelem \u00e9s az utaz\u00e1s vil\u00e1g\u00e1b\u00f3l sz\u00e1rmaz\u00f3 els\u0151 inspir\u00e1l\u00f3 impulzust\u00f3l a szem\u00e9lyis\u00e9ggel \u00e9s \u00f6sszet\u00e9veszthetetlen jelenl\u00e9ttel rendelkez\u0151 \u00e1rnyalatokig.<\/p>\n\n\n<div class=\"wp-block-image\">\n<figure class=\"aligncenter size-full\"><img decoding=\"async\" width=\"605\" height=\"621\" src=\"https:\/\/www.thenordicmark.com\/hu\/wp-content\/uploads\/2023\/05\/alpina-finest-colours-1.jpg\" alt=\"\" class=\"wp-image-311\" srcset=\"https:\/\/www.thenordicmark.com\/hu\/wp-content\/uploads\/2023\/05\/alpina-finest-colours-1.jpg 605w, https:\/\/www.thenordicmark.com\/hu\/wp-content\/uploads\/2023\/05\/alpina-finest-colours-1-507x520.jpg 507w\" sizes=\"(max-width: 605px) 100vw, 605px\" \/><\/figure><\/div>\n\n\n<p><strong>V\u00e1logatott alapanyagok<\/strong><\/p>\n\n\n\n<p>Az Alpina Finest Colours eleg\u00e1ns, term\u00e9szetes matt megjelen\u00e9s\u0171 falfest\u00e9kek kiemelked\u0151 sz\u00ednmin\u0151s\u00e9ggel, leny\u0171g\u00f6z\u0151 sz\u00ednm\u00e9lys\u00e9ggel \u00e9s tart\u00f3ss\u00e1ggal. Az Alpina Finest Colours fest\u00e9kek b\u00e1zis\u00e1t v\u00e1logatott pigmentek \u00e9s els\u0151 oszt\u00e1ly\u00fa alapanyagok k\u00e9pezik, mint p\u00e9ld\u00e1ul kiv\u00e1l\u00f3 min\u0151s\u00e9g\u0171 pezsg\u0151kr\u00e9ta \u00e9s finom feh\u00e9r porcel\u00e1n anyag. A kr\u00e9ta finom, puha \u00fcled\u00e9kes k\u0151zet legend\u00e1s tisztas\u00e1ggal \u00e9s eleganci\u00e1val. A porcel\u00e1n anyag term\u00e9szetesen tiszta feh\u00e9r sz\u00edn\u0171 pigmentje megvil\u00e1g\u00edtja az \u00e1rnyalatokat \u00e9s az Alpina Finest Colours fest\u00e9keknek nemes fel\u00fcletet k\u00f6lcs\u00f6n\u00f6z. Mindezen komponensek k\u00f6lcs\u00f6nhat\u00e1sa eredm\u00e9nyezi a kollekci\u00f3 eleg\u00e1ns megjelen\u00e9s\u00e9t \u00e9s leny\u0171g\u00f6z\u0151 sz\u00ednm\u00e9lys\u00e9g\u00e9t.<\/p>\n\n\n<div class=\"wp-block-image\">\n<figure class=\"aligncenter size-full\"><img decoding=\"async\" width=\"605\" height=\"215\" src=\"https:\/\/www.thenordicmark.com\/hu\/wp-content\/uploads\/2023\/05\/alpina-finest-colours-2.jpg\" alt=\"\" class=\"wp-image-312\" srcset=\"https:\/\/www.thenordicmark.com\/hu\/wp-content\/uploads\/2023\/05\/alpina-finest-colours-2.jpg 605w, https:\/\/www.thenordicmark.com\/hu\/wp-content\/uploads\/2023\/05\/alpina-finest-colours-2-520x185.jpg 520w\" sizes=\"(max-width: 605px) 100vw, 605px\" \/><\/figure><\/div>\n\n\n<p><strong>Az Alpina Finest Colours-t keresse partner\u00fczleteinkben!<\/strong><\/p>\n\n\n\n<p><a href=\"https:\/\/www.thenordicmark.com\/hu\/alpina\/#sec-517\"><strong>thenordicmark.hu\/Alpina<\/strong><\/a><\/p>\n","protected":false},"excerpt":{"rendered":"<p>Term\u00e9szetes matt pr\u00e9mium-falfest\u00e9k szem\u00e9lyis\u00e9ggel teli sz\u00edn\u00e1rnyalatokkal.<\/p>\n","protected":false},"author":1,"featured_media":309,"comment_status":"closed","ping_status":"closed","sticky":false,"template":"","format":"standard","meta":{"_acf_changed":false,"inline_featured_image":false,"footnotes":""},"categories":[1],"tags":[],"class_list":["post-308","post","type-post","status-publish","format-standard","has-post-thumbnail","hentry","category-uncategorized"],"acf":[],"_links":{"self":[{"href":"https:\/\/www.thenordicmark.com\/hu\/wp-json\/wp\/v2\/posts\/308","targetHints":{"allow":["GET"]}}],"collection":[{"href":"https:\/\/www.thenordicmark.com\/hu\/wp-json\/wp\/v2\/posts"}],"about":[{"href":"https:\/\/www.thenordicmark.com\/hu\/wp-json\/wp\/v2\/types\/post"}],"author":[{"embeddable":true,"href":"https:\/\/www.thenordicmark.com\/hu\/wp-json\/wp\/v2\/users\/1"}],"replies":[{"embeddable":true,"href":"https:\/\/www.thenordicmark.com\/hu\/wp-json\/wp\/v2\/comments?post=308"}],"version-history":[{"count":2,"href":"https:\/\/www.thenordicmark.com\/hu\/wp-json\/wp\/v2\/posts\/308\/revisions"}],"predecessor-version":[{"id":3412,"href":"https:\/\/www.thenordicmark.com\/hu\/wp-json\/wp\/v2\/posts\/308\/revisions\/3412"}],"wp:featuredmedia":[{"embeddable":true,"href":"https:\/\/www.thenordicmark.com\/hu\/wp-json\/wp\/v2\/media\/309"}],"wp:attachment":[{"href":"https:\/\/www.thenordicmark.com\/hu\/wp-json\/wp\/v2\/media?parent=308"}],"wp:term":[{"taxonomy":"category","embeddable":true,"href":"https:\/\/www.thenordicmark.com\/hu\/wp-json\/wp\/v2\/categories?post=308"},{"taxonomy":"post_tag","embeddable":true,"href":"https:\/\/www.thenordicmark.com\/hu\/wp-json\/wp\/v2\/tags?post=308"}],"curies":[{"name":"wp","href":"https:\/\/api.w.org\/{rel}","templated":true}]}}