{"id":319,"date":"2023-05-25T14:36:10","date_gmt":"2023-05-25T12:36:10","guid":{"rendered":"https:\/\/thenordicmark.com\/hu\/?p=319"},"modified":"2023-05-25T14:36:47","modified_gmt":"2023-05-25T12:36:47","slug":"erfurt-klimatec","status":"publish","type":"post","link":"https:\/\/www.thenordicmark.com\/hu\/erfurt-klimatec\/","title":{"rendered":"Erfurt-KlimaTec"},"content":{"rendered":"\n<p>Hidegek a falak? Egekbe sz\u00f6knek a f\u0171t\u00e9s k\u00f6lts\u00e9gei? Dr\u00e1ga vagy lehetetlen a k\u00fcls\u0151 szigetel\u00e9s? Az ERFURT-KlimaTec-kel, energetikai bels\u0151 falszigetel\u0151 rendszer\u00fcnkkel hat\u00e9konyan szigetelheti otthon\u00e1t - ahogy a term\u00e9szet eltervezte.<\/p>\n\n\n\n<div class=\"wp-block-columns is-layout-flex wp-container-core-columns-is-layout-28f84493 wp-block-columns-is-layout-flex\">\n<div class=\"wp-block-column is-layout-flow wp-block-column-is-layout-flow\">\n<p class=\"has-text-align-center\"><strong>H\u0151visszaver\u0151d\u00e9s<\/strong><\/p>\n\n\n\n<figure class=\"wp-block-image size-full\"><img decoding=\"async\" width=\"945\" height=\"620\" src=\"https:\/\/www.thenordicmark.com\/hu\/wp-content\/uploads\/2023\/05\/KlimaTec.png\" alt=\"\" class=\"wp-image-321\" srcset=\"https:\/\/www.thenordicmark.com\/hu\/wp-content\/uploads\/2023\/05\/KlimaTec.png 945w, https:\/\/www.thenordicmark.com\/hu\/wp-content\/uploads\/2023\/05\/KlimaTec-520x341.png 520w, https:\/\/www.thenordicmark.com\/hu\/wp-content\/uploads\/2023\/05\/KlimaTec-768x504.png 768w\" sizes=\"(max-width: 945px) 100vw, 945px\" \/><\/figure>\n<\/div>\n\n\n\n<div class=\"wp-block-column is-layout-flow wp-block-column-is-layout-flow\">\n<figure class=\"wp-block-image size-full\"><img decoding=\"async\" width=\"945\" height=\"614\" src=\"https:\/\/www.thenordicmark.com\/hu\/wp-content\/uploads\/2023\/05\/KlimaTec-2.png\" alt=\"\" class=\"wp-image-322\" srcset=\"https:\/\/www.thenordicmark.com\/hu\/wp-content\/uploads\/2023\/05\/KlimaTec-2.png 945w, https:\/\/www.thenordicmark.com\/hu\/wp-content\/uploads\/2023\/05\/KlimaTec-2-520x338.png 520w, https:\/\/www.thenordicmark.com\/hu\/wp-content\/uploads\/2023\/05\/KlimaTec-2-768x499.png 768w\" sizes=\"(max-width: 945px) 100vw, 945px\" \/><\/figure>\n<\/div>\n<\/div>\n\n\n\n<figure class=\"wp-block-image size-full\"><img decoding=\"async\" width=\"1200\" height=\"392\" src=\"https:\/\/www.thenordicmark.com\/hu\/wp-content\/uploads\/2023\/05\/erfurt-klimatec.jpg\" alt=\"\" class=\"wp-image-323\" srcset=\"https:\/\/www.thenordicmark.com\/hu\/wp-content\/uploads\/2023\/05\/erfurt-klimatec.jpg 1200w, https:\/\/www.thenordicmark.com\/hu\/wp-content\/uploads\/2023\/05\/erfurt-klimatec-520x170.jpg 520w, https:\/\/www.thenordicmark.com\/hu\/wp-content\/uploads\/2023\/05\/erfurt-klimatec-768x251.jpg 768w\" sizes=\"(max-width: 1200px) 100vw, 1200px\" \/><\/figure>\n\n\n<div class=\"wp-block-image\">\n<figure class=\"aligncenter size-full\"><img decoding=\"async\" width=\"561\" height=\"670\" src=\"https:\/\/www.thenordicmark.com\/hu\/wp-content\/uploads\/2023\/05\/erfurt-klimatec-2.jpg\" alt=\"\" class=\"wp-image-324\" srcset=\"https:\/\/www.thenordicmark.com\/hu\/wp-content\/uploads\/2023\/05\/erfurt-klimatec-2.jpg 561w, https:\/\/www.thenordicmark.com\/hu\/wp-content\/uploads\/2023\/05\/erfurt-klimatec-2-435x520.jpg 435w\" sizes=\"(max-width: 561px) 100vw, 561px\" \/><\/figure><\/div>\n\n<div class=\"wp-block-image\">\n<figure class=\"aligncenter size-full\"><img decoding=\"async\" width=\"553\" height=\"670\" src=\"https:\/\/www.thenordicmark.com\/hu\/wp-content\/uploads\/2023\/05\/erfurt-klimatec-3.jpg\" alt=\"\" class=\"wp-image-325\" srcset=\"https:\/\/www.thenordicmark.com\/hu\/wp-content\/uploads\/2023\/05\/erfurt-klimatec-3.jpg 553w, https:\/\/www.thenordicmark.com\/hu\/wp-content\/uploads\/2023\/05\/erfurt-klimatec-3-429x520.jpg 429w\" sizes=\"(max-width: 553px) 100vw, 553px\" \/><\/figure><\/div>\n\n<div class=\"wp-block-image\">\n<figure class=\"aligncenter size-full\"><img decoding=\"async\" width=\"577\" height=\"691\" src=\"https:\/\/www.thenordicmark.com\/hu\/wp-content\/uploads\/2023\/05\/erfurt-klimatec-4.jpg\" alt=\"\" class=\"wp-image-326\" srcset=\"https:\/\/www.thenordicmark.com\/hu\/wp-content\/uploads\/2023\/05\/erfurt-klimatec-4.jpg 577w, https:\/\/www.thenordicmark.com\/hu\/wp-content\/uploads\/2023\/05\/erfurt-klimatec-4-434x520.jpg 434w\" sizes=\"(max-width: 577px) 100vw, 577px\" \/><\/figure><\/div>\n\n\n<p><strong>Ha k\u00e9rd\u00e9se mer\u00fclt fel v\u00e1rjuk level\u00e9t az al\u00e1bbi e-mail c\u00edmen<\/strong>:<br><a href=\"mailto:info.hu@thenordicmarkgroup.com?subject=Erfurt-KlimaTec%20Info\"><strong>info.hu@thenordicmarkgroup.com<\/strong><\/a><\/p>\n\n\n\n<hr class=\"wp-block-separator has-text-color has-alpha-channel-opacity has-background is-style-wide\" style=\"background-color:#f7f7f7;color:#f7f7f7\"\/>\n\n\n\n<p><strong>Alkalmas-e k\u00fcls\u0151 h\u0151szigetel\u00e9ssel ell\u00e1tott falak bels\u0151 szigetel\u00e9s\u00e9re is?<\/strong><\/p>\n\n\n\n<p><strong>IGEN, ebben az esetben is kifejti hat\u00e1s\u00e1t, mert a falszerkezetet \u00e1tf\u0171t\u00e9s\u00e9re haszn\u00e1lt energi\u00e1t megtakar\u00edthatja!<\/strong><\/p>\n\n\n\n<p>\u201eA termikusan hat\u00e9kony falburkolatok r\u00e9v\u00e9n lehet\u0151s\u00e9g\u00fcnk van arra, hogy a szok\u00e1sos energiatakar\u00e9koss\u00e1gi m\u00f3dszerek (vastag szigetel\u0151r\u00e9tegek az \u00e9p\u00fcletburkolaton) mellett nagyon gazdas\u00e1gos m\u00f3dszerekkel cs\u00f6kkents\u00fck az energiasz\u00fcks\u00e9gletet k\u00fcl\u00f6n\u00f6sen a m\u00e1r megl\u00e9v\u0151 \u00e9p\u00fcletekben.\u201d<\/p>\n\n\n\n<p>(Disszert\u00e1ci\u00f3: \u201eMassz\u00edv kivitelez\u00e9s\u0171 \u00e9p\u00fcletek hat\u00e9kony felf\u0171t\u00e9se id\u0151szakos f\u0171t\u00e9sn\u00e9l\u201d \u2013 Dr. Alexander Siebel)<\/p>\n\n\n\n<figure class=\"wp-block-image size-full\"><img decoding=\"async\" width=\"945\" height=\"271\" src=\"https:\/\/www.thenordicmark.com\/hu\/wp-content\/uploads\/2023\/05\/erfurt-klimatec-5.jpg\" alt=\"\" class=\"wp-image-327\" srcset=\"https:\/\/www.thenordicmark.com\/hu\/wp-content\/uploads\/2023\/05\/erfurt-klimatec-5.jpg 945w, https:\/\/www.thenordicmark.com\/hu\/wp-content\/uploads\/2023\/05\/erfurt-klimatec-5-520x149.jpg 520w, https:\/\/www.thenordicmark.com\/hu\/wp-content\/uploads\/2023\/05\/erfurt-klimatec-5-768x220.jpg 768w\" sizes=\"(max-width: 945px) 100vw, 945px\" \/><\/figure>\n\n\n\n<p><strong>Keresse&nbsp;<a href=\"https:\/\/www.thenordicmark.com\/hu\/boltok\/\">partner\u00fczleteinkben<\/a>&nbsp;vagy v\u00e1s\u00e1rolja meg az&nbsp;<a href=\"https:\/\/eshop.thenordicmark.hu\/hoszigetelo-tapeta\/\" target=\"_blank\" rel=\"noopener\">E-Shop<\/a>-ban<\/strong><\/p>\n\n\n\n<p>Tov\u00e1bbi inform\u00e1ci\u00f3\u00e9rt k\u00e9rj\u00fck t\u00f6ltse ki \u0171rlapunkat<\/p>\n\n\n\n<p>vagy k\u00e9rd\u00e9s eset\u00e9n \u00e1llunk rendelkez\u00e9s\u00e9re az al\u00e1bbi telefonsz\u00e1mon:<\/p>\n\n\n\n<p><strong>06 70 684 8902<\/strong><\/p>\n\n\n\n<div class=\"wp-block-columns is-layout-flex wp-container-core-columns-is-layout-28f84493 wp-block-columns-is-layout-flex\">\n<div class=\"wp-block-column is-vertically-aligned-top is-layout-flow wp-block-column-is-layout-flow\"><div class=\"wp-block-image\">\n<figure class=\"aligncenter size-full\"><img decoding=\"async\" width=\"334\" height=\"80\" src=\"https:\/\/www.thenordicmark.com\/hu\/wp-content\/uploads\/2023\/05\/bauhaus.png\" alt=\"\" class=\"wp-image-328\"\/><\/figure><\/div>\n\n\n<p class=\"has-text-align-center\"><strong>Szak\u00e1ruh\u00e1zak<\/strong><\/p>\n\n\n\n<p class=\"has-text-align-center\"><a href=\"https:\/\/www.bauhaus.hu\/dunakeszi-szakaruhaz\" target=\"_blank\" rel=\"noopener\">Dunakeszi<\/a><br><a href=\"https:\/\/www.bauhaus.hu\/maglod-szakaruhaz\" target=\"_blank\" rel=\"noopener\">Magl\u00f3d<\/a><br><a href=\"https:\/\/www.bauhaus.hu\/szigetszentmiklos-szakaruhaz\" target=\"_blank\" rel=\"noopener\">Szigetszentmikl\u00f3s<\/a><\/p>\n<\/div>\n\n\n\n<div class=\"wp-block-column is-vertically-aligned-top is-layout-flow wp-block-column-is-layout-flow\"><div class=\"wp-block-image\">\n<figure class=\"aligncenter size-full is-resized\"><img decoding=\"async\" src=\"https:\/\/www.thenordicmark.com\/hu\/wp-content\/uploads\/2023\/05\/Obi-logo.png\" alt=\"\" class=\"wp-image-329\" height=\"60\"\/><\/figure><\/div>\n\n\n<p class=\"has-text-align-center\"><strong>Szak\u00e1ruh\u00e1zak<\/strong><\/p>\n\n\n\n<p class=\"has-text-align-center\"><a href=\"https:\/\/www.obi.hu\/aruhaz\/budapest-soroksari-ut?wt=mc_gp\" target=\"_blank\" rel=\"noopener\">Budapest Soroks\u00e1ri \u00fat<\/a><br><a href=\"https:\/\/www.obi.hu\/aruhaz\/budapest-albertfalva?wt=mc_gp\" target=\"_blank\" rel=\"noopener\">Budapest Albertfalva<\/a>\u00a0<br><a href=\"https:\/\/www.obi.hu\/aruhaz\/budapest-fogarasi-ut?wt=mc_gp\" target=\"_blank\" rel=\"noopener\">Budapest Fogarasi \u00fat<\/a><br><a href=\"https:\/\/www.obi.hu\/aruhaz\/budapest-koki?wt=mc_gp\" target=\"_blank\" rel=\"noopener\">Budapest K\u00f6ki<\/a><br><a href=\"https:\/\/www.obi.hu\/aruhaz\/budaors?wt=mc_gp\" target=\"_blank\" rel=\"noopener\">Buda\u00f6rs<\/a><br><a href=\"https:\/\/www.obi.hu\/aruhaz\/szolnok?wt=mc_gp\" target=\"_blank\" rel=\"noopener\">Szolnok<\/a><br><a href=\"https:\/\/www.obi.hu\/aruhaz\/dunaujvaros?wt=mc_gp\" target=\"_blank\" rel=\"noopener\">Duna\u00fajv\u00e1ros<\/a><br><a href=\"https:\/\/www.obi.hu\/aruhaz\/veszprem?wt=mc_gp\" target=\"_blank\" rel=\"noopener\">Veszpr\u00e9m<\/a><br><a href=\"https:\/\/www.obi.hu\/aruhaz\/eger?wt=mc_gp\" target=\"_blank\" rel=\"noopener\">Eger<\/a><br><a href=\"https:\/\/www.obi.hu\/aruhaz\/miskolc?wt=mc_gp\" target=\"_blank\" rel=\"noopener\">Miskolc<\/a><br><a href=\"https:\/\/www.obi.hu\/aruhaz\/nyiregyhaza?wt=mc_gp\" target=\"_blank\" rel=\"noopener\">Ny\u00edregyh\u00e1za<\/a><br><a href=\"https:\/\/www.obi.hu\/aruhaz\/szeged-szabadkai-ut?wt=mc_gp\" target=\"_blank\" rel=\"noopener\">Szeged Szabadkai \u00fat<\/a><br><a href=\"https:\/\/www.obi.hu\/aruhaz\/kecskemet?wt=mc_gp\" target=\"_blank\" rel=\"noopener\">Kecskem\u00e9t<\/a><br><a href=\"https:\/\/www.obi.hu\/aruhaz\/gyongyos?wt=mc_gp\" target=\"_blank\" rel=\"noopener\">Gy\u00f6ngy\u00f6s<\/a><br><a href=\"https:\/\/www.obi.hu\/aruhaz\/fot?wt=mc_gp\" target=\"_blank\" rel=\"noopener\">F\u00f3t<\/a><\/p>\n<\/div>\n<\/div>\n","protected":false},"excerpt":{"rendered":"<p>Bels\u0151 h\u0151szigetel\u0151 rendszer \u2013 Term\u00e9szetesen hat\u00e9kony.<br \/>\nAZ ENERGIATAKAR\u00c9KOS FALFEL\u00daJ\u00cdT\u00c1S!<\/p>\n","protected":false},"author":1,"featured_media":320,"comment_status":"closed","ping_status":"closed","sticky":false,"template":"","format":"standard","meta":{"_acf_changed":false,"inline_featured_image":false,"footnotes":""},"categories":[1],"tags":[],"class_list":["post-319","post","type-post","status-publish","format-standard","has-post-thumbnail","hentry","category-uncategorized"],"acf":[],"_links":{"self":[{"href":"https:\/\/www.thenordicmark.com\/hu\/wp-json\/wp\/v2\/posts\/319","targetHints":{"allow":["GET"]}}],"collection":[{"href":"https:\/\/www.thenordicmark.com\/hu\/wp-json\/wp\/v2\/posts"}],"about":[{"href":"https:\/\/www.thenordicmark.com\/hu\/wp-json\/wp\/v2\/types\/post"}],"author":[{"embeddable":true,"href":"https:\/\/www.thenordicmark.com\/hu\/wp-json\/wp\/v2\/users\/1"}],"replies":[{"embeddable":true,"href":"https:\/\/www.thenordicmark.com\/hu\/wp-json\/wp\/v2\/comments?post=319"}],"version-history":[{"count":2,"href":"https:\/\/www.thenordicmark.com\/hu\/wp-json\/wp\/v2\/posts\/319\/revisions"}],"predecessor-version":[{"id":331,"href":"https:\/\/www.thenordicmark.com\/hu\/wp-json\/wp\/v2\/posts\/319\/revisions\/331"}],"wp:featuredmedia":[{"embeddable":true,"href":"https:\/\/www.thenordicmark.com\/hu\/wp-json\/wp\/v2\/media\/320"}],"wp:attachment":[{"href":"https:\/\/www.thenordicmark.com\/hu\/wp-json\/wp\/v2\/media?parent=319"}],"wp:term":[{"taxonomy":"category","embeddable":true,"href":"https:\/\/www.thenordicmark.com\/hu\/wp-json\/wp\/v2\/categories?post=319"},{"taxonomy":"post_tag","embeddable":true,"href":"https:\/\/www.thenordicmark.com\/hu\/wp-json\/wp\/v2\/tags?post=319"}],"curies":[{"name":"wp","href":"https:\/\/api.w.org\/{rel}","templated":true}]}}