{"id":332,"date":"2023-05-25T14:38:34","date_gmt":"2023-05-25T12:38:34","guid":{"rendered":"https:\/\/thenordicmark.com\/hu\/?p=332"},"modified":"2023-05-25T14:38:34","modified_gmt":"2023-05-25T12:38:34","slug":"szeptemberi-kiallitasok-konferenciak","status":"publish","type":"post","link":"https:\/\/www.thenordicmark.com\/hu\/szeptemberi-kiallitasok-konferenciak\/","title":{"rendered":"Szeptemberi ki\u00e1ll\u00edt\u00e1sok, konferenci\u00e1k"},"content":{"rendered":"\n<p>A thenordicmark Kft. az \u0151sz els\u0151 h\u00f3napj\u00e1ban\u00a0a cegl\u00e9di \u00c9p\u00edt\u0151 Exp\u00f3n, valamint az \u00c9p\u00fcleteink \u00e9s M\u0171eml\u00e9keink\u00a0elnevez\u00e9s\u0171 konferenci\u00e1n is k\u00e9pviselteti mag\u00e1t. A k\u00f6z\u00f6ns\u00e9g el\u0151ad\u00e1s \u00e9s term\u00e9kbemutat\u00f3 keretein bel\u00fcl nyerhet betekint\u00e9st\u00a0term\u00e9keink sz\u00e9les v\u00e1laszt\u00e9k\u00e1ba.<\/p>\n\n\n<div class=\"wp-block-image\">\n<figure class=\"aligncenter size-full\"><img decoding=\"async\" width=\"989\" height=\"640\" src=\"https:\/\/www.thenordicmark.com\/hu\/wp-content\/uploads\/2023\/05\/epito-expo-.jpg\" alt=\"\" class=\"wp-image-334\" srcset=\"https:\/\/www.thenordicmark.com\/hu\/wp-content\/uploads\/2023\/05\/epito-expo-.jpg 989w, https:\/\/www.thenordicmark.com\/hu\/wp-content\/uploads\/2023\/05\/epito-expo--520x337.jpg 520w, https:\/\/www.thenordicmark.com\/hu\/wp-content\/uploads\/2023\/05\/epito-expo--768x497.jpg 768w\" sizes=\"(max-width: 989px) 100vw, 989px\" \/><\/figure><\/div>\n\n\n<p>A cegl\u00e9di \u00c9p\u00edt\u0151 Exp\u00f3nak, amely\u00a0az \u00e9p\u00edt\u0151ipari szakm\u00e1kat n\u00e9pszer\u0171s\u00edt\u0151- \u00e9s bemutat\u00f3 p\u00e1lyav\u00e1laszt\u00e1si ki\u00e1ll\u00edt\u00e1s, a Cegl\u00e9di SzC Bem J\u00f3zsef M\u0171szaki Technikum \u00e9s Szakk\u00e9pz\u0151 Iskola ad otthont. Az interakt\u00edv programok keret\u00e9ben az \u00e9rdekl\u0151d\u0151k nem csak megismerkedhetnek kiv\u00e1lasztott term\u00e9keink tulajdons\u00e1gaival, de ki is pr\u00f3b\u00e1lhatj\u00e1k azokat standunkn\u00e1l.<\/p>\n\n\n<div class=\"wp-block-image\">\n<figure class=\"aligncenter size-full\"><img decoding=\"async\" width=\"555\" height=\"267\" src=\"https:\/\/www.thenordicmark.com\/hu\/wp-content\/uploads\/2023\/05\/epuleteink-es-muemlekeink1.jpg\" alt=\"\" class=\"wp-image-335\" srcset=\"https:\/\/www.thenordicmark.com\/hu\/wp-content\/uploads\/2023\/05\/epuleteink-es-muemlekeink1.jpg 555w, https:\/\/www.thenordicmark.com\/hu\/wp-content\/uploads\/2023\/05\/epuleteink-es-muemlekeink1-520x250.jpg 520w\" sizes=\"(max-width: 555px) 100vw, 555px\" \/><\/figure><\/div>\n\n\n<p>A h\u00f3napban m\u00e9g egy esem\u00e9nyen vesznek\u00a0r\u00e9szt a thenordicmark Kft. k\u00e9pvisel\u0151i. Az \u00c9p\u00fcleteink \u00e9s M\u0171eml\u00e9keink (fel\u00faj\u00edt\u00e1sa, tervez\u00e9se, kivitelez\u00e9se, energiahat\u00e9konys\u00e1ga) konferencia\u00a0imm\u00e1r 13. alkalommal ker\u00fcl megrendez\u00e9sre.\u00a0A konferenci\u00e1n\u00a0bemutat\u00e1sra ker\u00fclnek az \u00e9p\u00edt\u00e9s, fel\u00faj\u00edt\u00e1s anyagai, esettanulm\u00e1nyok seg\u00edts\u00e9g\u00e9vel a leg\u00fajabb technol\u00f3gi\u00e1k, valamint a kor\u00e1bban m\u00e1r felmer\u00fclt hib\u00e1k \u00e9s azok jav\u00edt\u00e1si lehet\u0151s\u00e9gei. A\u00a0konferencia szakmai v\u00e9dn\u00f6keinek az el\u0151z\u0151 \u00e9vekhez hasonl\u00f3an felk\u00e9r\u00e9sre ker\u00fclt\u00a0a Magyar \u00c9p\u00edt\u00e9sz Kamara\u00a0(M\u0171eml\u00e9kv\u00e9delmi \u00e9s Restaur\u00e1tori Tagozat), a BME \u00c9p\u00edt\u0151anyagok \u00e9s Magas\u00e9p\u00edt\u00e9s \u00e9s a Lak\u00f3\u00e9p\u00fclettervez\u00e9si Tansz\u00e9ke\u00a0valamint az SZTE Szigetel\u0151 szakoszt\u00e1lya\u00a0is.\u00a0A budapesti Millenium Hotel \u00e1ltal biztos\u00edtott helysz\u00ednen, a szakma k\u00e9pvisel\u0151i a\u00a0<strong>Caparol bevonatrendszerek \u00faj\u00e9p\u00edt\u00e9s, fel\u00faj\u00edt\u00e1s \u00e9s m\u0171eml\u00e9kv\u00e9delem ter\u00fclet\u00e9n\u00a0<\/strong>c\u00edm\u0171 el\u0151ad\u00e1st hallgathatj\u00e1k\u00a0meg\u00a0Projekt Div\u00edz\u00f3 Vezet\u0151nk el\u0151ad\u00e1s\u00e1ban.<\/p>\n\n\n\n<p><\/p>\n","protected":false},"excerpt":{"rendered":"<p>A thenordicmark Kft. szeptember h\u00f3napban k\u00e9t rendezv\u00e9nyen is k\u00e9pviselteti mag\u00e1t.<\/p>\n","protected":false},"author":1,"featured_media":333,"comment_status":"closed","ping_status":"closed","sticky":false,"template":"","format":"standard","meta":{"_acf_changed":false,"inline_featured_image":false,"footnotes":""},"categories":[1],"tags":[],"class_list":["post-332","post","type-post","status-publish","format-standard","has-post-thumbnail","hentry","category-uncategorized"],"acf":[],"_links":{"self":[{"href":"https:\/\/www.thenordicmark.com\/hu\/wp-json\/wp\/v2\/posts\/332","targetHints":{"allow":["GET"]}}],"collection":[{"href":"https:\/\/www.thenordicmark.com\/hu\/wp-json\/wp\/v2\/posts"}],"about":[{"href":"https:\/\/www.thenordicmark.com\/hu\/wp-json\/wp\/v2\/types\/post"}],"author":[{"embeddable":true,"href":"https:\/\/www.thenordicmark.com\/hu\/wp-json\/wp\/v2\/users\/1"}],"replies":[{"embeddable":true,"href":"https:\/\/www.thenordicmark.com\/hu\/wp-json\/wp\/v2\/comments?post=332"}],"version-history":[{"count":1,"href":"https:\/\/www.thenordicmark.com\/hu\/wp-json\/wp\/v2\/posts\/332\/revisions"}],"predecessor-version":[{"id":336,"href":"https:\/\/www.thenordicmark.com\/hu\/wp-json\/wp\/v2\/posts\/332\/revisions\/336"}],"wp:featuredmedia":[{"embeddable":true,"href":"https:\/\/www.thenordicmark.com\/hu\/wp-json\/wp\/v2\/media\/333"}],"wp:attachment":[{"href":"https:\/\/www.thenordicmark.com\/hu\/wp-json\/wp\/v2\/media?parent=332"}],"wp:term":[{"taxonomy":"category","embeddable":true,"href":"https:\/\/www.thenordicmark.com\/hu\/wp-json\/wp\/v2\/categories?post=332"},{"taxonomy":"post_tag","embeddable":true,"href":"https:\/\/www.thenordicmark.com\/hu\/wp-json\/wp\/v2\/tags?post=332"}],"curies":[{"name":"wp","href":"https:\/\/api.w.org\/{rel}","templated":true}]}}