{"id":3345,"date":"2023-11-13T12:42:35","date_gmt":"2023-11-13T11:42:35","guid":{"rendered":"https:\/\/www.thenordicmark.com\/hu\/?p=3345"},"modified":"2023-11-13T13:34:14","modified_gmt":"2023-11-13T12:34:14","slug":"oszi-epitoipari-kiallitasok-diakoknak","status":"publish","type":"post","link":"https:\/\/www.thenordicmark.com\/hu\/oszi-epitoipari-kiallitasok-diakoknak\/","title":{"rendered":"\u0150szi \u00e9p\u00edt\u0151ipari ki\u00e1ll\u00edt\u00e1sok di\u00e1koknak"},"content":{"rendered":"\n<p>A thenordicmark csapata az \u0151szi h\u00f3napokban a nyugat-dun\u00e1nt\u00fali r\u00e9gi\u00f3 h\u00e1rom v\u00e1ros\u00e1ban, Gy\u0151rben, Veszpr\u00e9mben \u00e9s Szombathelyen vett r\u00e9szt k\u00f6z\u00e9piskol\u00e1s di\u00e1koknak szervezett \u00e9p\u00edt\u0151ipari ki\u00e1ll\u00edt\u00e1sokon. \u00d6r\u00f6mmel \u00e1ll\u00edtottunk ki a rendezv\u00e9nyeken, \u00edgy k\u00f6zvetlen\u00fcl ny\u00edlt lehet\u0151s\u00e9g\u00fcnk a fiatalokkal val\u00f3 k\u00f6zvetlen kapcsolatfelv\u00e9telre \u00e9s term\u00e9keink bemutat\u00e1s\u00e1ra.<\/p>\n\n\n<style type=\"text\/css\">\n#foogallery-gallery-3350 .fg-image { width: 240px; }\n#foogallery-gallery-3350 { --fg-gutter: 10px; }<\/style>\n\t\t\t<div class=\"foogallery foogallery-container foogallery-default foogallery-lightbox-foogallery fg-center fg-default fg-ready fg-light fg-border-thin fg-shadow-outline fg-loading-default fg-loaded-fade-in fg-caption-hover fg-hover-fade fg-hover-zoom\" id=\"foogallery-gallery-3350\" data-foogallery=\"{&quot;item&quot;:{&quot;showCaptionTitle&quot;:true,&quot;showCaptionDescription&quot;:true},&quot;lazy&quot;:true}\" data-foogallery-lightbox=\"{&quot;thumbs&quot;:&quot;bottom&quot;,&quot;thumbsCaptions&quot;:false,&quot;thumbsBestFit&quot;:false,&quot;thumbsSmall&quot;:false,&quot;thumbsCaptionsAlign&quot;:&quot;default&quot;,&quot;info&quot;:&quot;bottom&quot;,&quot;infoVisible&quot;:true,&quot;infoOverlay&quot;:true,&quot;infoAlign&quot;:&quot;default&quot;,&quot;transition&quot;:&quot;fade&quot;,&quot;hoverButtons&quot;:false,&quot;fitMedia&quot;:false,&quot;noScrollbars&quot;:true,&quot;preserveButtonSpace&quot;:true,&quot;buttons&quot;:{&quot;fullscreen&quot;:true,&quot;info&quot;:true,&quot;thumbs&quot;:false},&quot;video&quot;:{&quot;autoPlay&quot;:true}}\" style=\"--fg-title-line-clamp: 0; --fg-description-line-clamp: 0;\" >\n\t<div class=\"fg-item fg-type-image fg-idle\"><figure class=\"fg-item-inner\"><a href=\"https:\/\/www.thenordicmark.com\/hu\/wp-content\/uploads\/2023\/11\/gyor_1.jpg\" data-attachment-id=\"3354\" data-type=\"image\" class=\"fg-thumb\"><span class=\"fg-image-wrap\"><img fetchpriority=\"high\" decoding=\"async\" width=\"240\" height=\"240\" class=\"skip-lazy fg-image\" data-src-fg=\"https:\/\/www.thenordicmark.com\/hu\/wp-content\/uploads\/cache\/2023\/11\/gyor_1\/3091982945.jpg\" src=\"data:image\/svg+xml,%3Csvg%20xmlns%3D%22http%3A%2F%2Fwww.w3.org%2F2000%2Fsvg%22%20width%3D%22240%22%20height%3D%22240%22%20viewBox%3D%220%200%20240%20240%22%3E%3C%2Fsvg%3E\" loading=\"eager\"><\/span><span class=\"fg-image-overlay\"><\/span><\/a><\/figure><div class=\"fg-loader\"><\/div><\/div><div class=\"fg-item fg-type-image fg-idle\"><figure class=\"fg-item-inner\"><a href=\"https:\/\/www.thenordicmark.com\/hu\/wp-content\/uploads\/2023\/11\/gyor_2.jpg\" data-attachment-id=\"3355\" data-type=\"image\" class=\"fg-thumb\"><span class=\"fg-image-wrap\"><img decoding=\"async\" width=\"240\" height=\"240\" class=\"skip-lazy fg-image\" data-src-fg=\"https:\/\/www.thenordicmark.com\/hu\/wp-content\/uploads\/cache\/2023\/11\/gyor_2\/3716956117.jpg\" src=\"data:image\/svg+xml,%3Csvg%20xmlns%3D%22http%3A%2F%2Fwww.w3.org%2F2000%2Fsvg%22%20width%3D%22240%22%20height%3D%22240%22%20viewBox%3D%220%200%20240%20240%22%3E%3C%2Fsvg%3E\" loading=\"eager\"><\/span><span class=\"fg-image-overlay\"><\/span><\/a><\/figure><div class=\"fg-loader\"><\/div><\/div><div class=\"fg-item fg-type-image fg-idle\"><figure class=\"fg-item-inner\"><a href=\"https:\/\/www.thenordicmark.com\/hu\/wp-content\/uploads\/2023\/11\/gyor_3.jpg\" data-attachment-id=\"3356\" data-type=\"image\" class=\"fg-thumb\"><span class=\"fg-image-wrap\"><img decoding=\"async\" width=\"240\" height=\"240\" class=\"skip-lazy fg-image\" data-src-fg=\"https:\/\/www.thenordicmark.com\/hu\/wp-content\/uploads\/cache\/2023\/11\/gyor_3\/4153298931.jpg\" src=\"data:image\/svg+xml,%3Csvg%20xmlns%3D%22http%3A%2F%2Fwww.w3.org%2F2000%2Fsvg%22%20width%3D%22240%22%20height%3D%22240%22%20viewBox%3D%220%200%20240%20240%22%3E%3C%2Fsvg%3E\" loading=\"eager\"><\/span><span class=\"fg-image-overlay\"><\/span><\/a><\/figure><div class=\"fg-loader\"><\/div><\/div><\/div>\n\n\n\n\n<p>A ki\u00e1ll\u00edt\u00e1sokon a thenordicmark-nak volt lehet\u0151s\u00e9ge bemutatkozni \u00e9s eligaz\u00edt\u00e1st adni fest\u00e9kipari term\u00e9kei ter\u00e9n kiemelve az innov\u00e1ci\u00f3t \u00e9s ergon\u00f3mikus megold\u00e1sokat. A v\u00e1llalat b\u00fcszk\u00e9n prezent\u00e1lta, gyakorlati bemutat\u00f3kkal \u00e9s kipr\u00f3b\u00e1l\u00e1si lehet\u0151s\u00e9ggel sz\u00ednes\u00edtette fest\u00e9kekb\u0151l, fest\u00e9kipari eszk\u00f6z\u00f6kb\u0151l \u00e1ll\u00f3 term\u00e9kportf\u00f3li\u00f3j\u00e1t. Ezen k\u00edv\u00fcl a l\u00e1togat\u00f3k sz\u00e1m\u00e1ra lehet\u0151s\u00e9g ny\u00edlt az \u00faj technol\u00f3gi\u00e1k megismer\u00e9s\u00e9re \u00e9s a c\u00e9g szak\u00e9rt\u0151ivel val\u00f3 p\u00e1rbesz\u00e9dre.<\/p>\n\n\n<style type=\"text\/css\">\n#foogallery-gallery-3358 .fg-image { width: 240px; }\n#foogallery-gallery-3358 { --fg-gutter: 10px; }<\/style>\n\t\t\t<div class=\"foogallery foogallery-container foogallery-default foogallery-lightbox-foogallery fg-center fg-default fg-ready fg-light fg-border-thin fg-shadow-outline fg-loading-default fg-loaded-fade-in fg-caption-hover fg-hover-fade fg-hover-zoom\" id=\"foogallery-gallery-3358\" data-foogallery=\"{&quot;item&quot;:{&quot;showCaptionTitle&quot;:true,&quot;showCaptionDescription&quot;:true},&quot;lazy&quot;:true}\" data-foogallery-lightbox=\"{&quot;thumbs&quot;:&quot;bottom&quot;,&quot;thumbsCaptions&quot;:false,&quot;thumbsBestFit&quot;:false,&quot;thumbsSmall&quot;:false,&quot;thumbsCaptionsAlign&quot;:&quot;default&quot;,&quot;info&quot;:&quot;bottom&quot;,&quot;infoVisible&quot;:true,&quot;infoOverlay&quot;:true,&quot;infoAlign&quot;:&quot;default&quot;,&quot;transition&quot;:&quot;fade&quot;,&quot;hoverButtons&quot;:false,&quot;fitMedia&quot;:false,&quot;noScrollbars&quot;:true,&quot;preserveButtonSpace&quot;:true,&quot;buttons&quot;:{&quot;fullscreen&quot;:true,&quot;info&quot;:true,&quot;thumbs&quot;:false},&quot;video&quot;:{&quot;autoPlay&quot;:true}}\" style=\"--fg-title-line-clamp: 0; --fg-description-line-clamp: 0;\" >\n\t<div class=\"fg-item fg-type-image fg-idle\"><figure class=\"fg-item-inner\"><a href=\"https:\/\/www.thenordicmark.com\/hu\/wp-content\/uploads\/2023\/11\/veszprem_1.jpg\" data-attachment-id=\"3359\" data-type=\"image\" class=\"fg-thumb\"><span class=\"fg-image-wrap\"><img decoding=\"async\" width=\"240\" height=\"240\" class=\"skip-lazy fg-image\" data-src-fg=\"https:\/\/www.thenordicmark.com\/hu\/wp-content\/uploads\/cache\/2023\/11\/veszprem_1\/2943864582.jpg\" src=\"data:image\/svg+xml,%3Csvg%20xmlns%3D%22http%3A%2F%2Fwww.w3.org%2F2000%2Fsvg%22%20width%3D%22240%22%20height%3D%22240%22%20viewBox%3D%220%200%20240%20240%22%3E%3C%2Fsvg%3E\" loading=\"eager\"><\/span><span class=\"fg-image-overlay\"><\/span><\/a><\/figure><div class=\"fg-loader\"><\/div><\/div><div class=\"fg-item fg-type-image fg-idle\"><figure class=\"fg-item-inner\"><a href=\"https:\/\/www.thenordicmark.com\/hu\/wp-content\/uploads\/2023\/11\/veszprem_2.jpg\" data-attachment-id=\"3360\" data-type=\"image\" class=\"fg-thumb\"><span class=\"fg-image-wrap\"><img decoding=\"async\" width=\"240\" height=\"240\" class=\"skip-lazy fg-image\" data-src-fg=\"https:\/\/www.thenordicmark.com\/hu\/wp-content\/uploads\/cache\/2023\/11\/veszprem_2\/1767637283.jpg\" src=\"data:image\/svg+xml,%3Csvg%20xmlns%3D%22http%3A%2F%2Fwww.w3.org%2F2000%2Fsvg%22%20width%3D%22240%22%20height%3D%22240%22%20viewBox%3D%220%200%20240%20240%22%3E%3C%2Fsvg%3E\" loading=\"eager\"><\/span><span class=\"fg-image-overlay\"><\/span><\/a><\/figure><div class=\"fg-loader\"><\/div><\/div><div class=\"fg-item fg-type-image fg-idle\"><figure class=\"fg-item-inner\"><a href=\"https:\/\/www.thenordicmark.com\/hu\/wp-content\/uploads\/2023\/11\/veszprem_3.jpg\" data-attachment-id=\"3361\" data-type=\"image\" class=\"fg-thumb\"><span class=\"fg-image-wrap\"><img decoding=\"async\" width=\"240\" height=\"240\" class=\"skip-lazy fg-image\" data-src-fg=\"https:\/\/www.thenordicmark.com\/hu\/wp-content\/uploads\/cache\/2023\/11\/veszprem_3\/1918445829.jpg\" src=\"data:image\/svg+xml,%3Csvg%20xmlns%3D%22http%3A%2F%2Fwww.w3.org%2F2000%2Fsvg%22%20width%3D%22240%22%20height%3D%22240%22%20viewBox%3D%220%200%20240%20240%22%3E%3C%2Fsvg%3E\" loading=\"eager\"><\/span><span class=\"fg-image-overlay\"><\/span><\/a><\/figure><div class=\"fg-loader\"><\/div><\/div><\/div>\n\n\n\n\n<p>A thenordicmark csapata elk\u00f6telezett amellett, hogy t\u00e1mogassa a k\u00f6vetkez\u0151 gener\u00e1ci\u00f3 \u00e9p\u00edt\u00e9szeti \u00e9s tervez\u00e9si tehets\u00e9geit. Az \u0151szi ki\u00e1ll\u00edt\u00e1sokon val\u00f3 r\u00e9szv\u00e9tel\u00fcnk sor\u00e1n siker\u00fclt er\u0151s\u00edteni\u00fck a kapcsolatokat a magyar di\u00e1kk\u00f6z\u00f6ss\u00e9gekkel, \u00e9s egyben lehet\u0151s\u00e9get teremtettek az inspir\u00e1ci\u00f3ra \u00e9s a tapasztalatmegoszt\u00e1sra a j\u00f6v\u0151 \u00e9p\u00edt\u00e9szei \u00e9s tervez\u0151i sz\u00e1m\u00e1ra. <\/p>\n\n\n<style type=\"text\/css\">\n#foogallery-gallery-3362 .fg-image { width: 240px; }\n#foogallery-gallery-3362 { --fg-gutter: 10px; }<\/style>\n\t\t\t<div class=\"foogallery foogallery-container foogallery-default foogallery-lightbox-foogallery fg-center fg-default fg-ready fg-light fg-border-thin fg-shadow-outline fg-loading-default fg-loaded-fade-in fg-caption-hover fg-hover-fade fg-hover-zoom\" id=\"foogallery-gallery-3362\" data-foogallery=\"{&quot;item&quot;:{&quot;showCaptionTitle&quot;:true,&quot;showCaptionDescription&quot;:true},&quot;lazy&quot;:true}\" data-foogallery-lightbox=\"{&quot;thumbs&quot;:&quot;bottom&quot;,&quot;thumbsCaptions&quot;:false,&quot;thumbsBestFit&quot;:false,&quot;thumbsSmall&quot;:false,&quot;thumbsCaptionsAlign&quot;:&quot;default&quot;,&quot;info&quot;:&quot;bottom&quot;,&quot;infoVisible&quot;:true,&quot;infoOverlay&quot;:true,&quot;infoAlign&quot;:&quot;default&quot;,&quot;transition&quot;:&quot;fade&quot;,&quot;hoverButtons&quot;:false,&quot;fitMedia&quot;:false,&quot;noScrollbars&quot;:true,&quot;preserveButtonSpace&quot;:true,&quot;buttons&quot;:{&quot;fullscreen&quot;:true,&quot;info&quot;:true,&quot;thumbs&quot;:false},&quot;video&quot;:{&quot;autoPlay&quot;:true}}\" style=\"--fg-title-line-clamp: 0; --fg-description-line-clamp: 0;\" >\n\t<div class=\"fg-item fg-type-image fg-idle\"><figure class=\"fg-item-inner\"><a href=\"https:\/\/www.thenordicmark.com\/hu\/wp-content\/uploads\/2023\/11\/szombathely_1.jpg\" data-attachment-id=\"3363\" data-type=\"image\" class=\"fg-thumb\"><span class=\"fg-image-wrap\"><img decoding=\"async\" width=\"240\" height=\"240\" class=\"skip-lazy fg-image\" data-src-fg=\"https:\/\/www.thenordicmark.com\/hu\/wp-content\/uploads\/cache\/2023\/11\/szombathely_1\/3338930868.jpg\" src=\"data:image\/svg+xml,%3Csvg%20xmlns%3D%22http%3A%2F%2Fwww.w3.org%2F2000%2Fsvg%22%20width%3D%22240%22%20height%3D%22240%22%20viewBox%3D%220%200%20240%20240%22%3E%3C%2Fsvg%3E\" loading=\"eager\"><\/span><span class=\"fg-image-overlay\"><\/span><\/a><\/figure><div class=\"fg-loader\"><\/div><\/div><div class=\"fg-item fg-type-image fg-idle\"><figure class=\"fg-item-inner\"><a href=\"https:\/\/www.thenordicmark.com\/hu\/wp-content\/uploads\/2023\/11\/szombathely_2.jpg\" data-attachment-id=\"3364\" data-type=\"image\" class=\"fg-thumb\"><span class=\"fg-image-wrap\"><img decoding=\"async\" width=\"240\" height=\"240\" class=\"skip-lazy fg-image\" data-src-fg=\"https:\/\/www.thenordicmark.com\/hu\/wp-content\/uploads\/cache\/2023\/11\/szombathely_2\/359938512.jpg\" src=\"data:image\/svg+xml,%3Csvg%20xmlns%3D%22http%3A%2F%2Fwww.w3.org%2F2000%2Fsvg%22%20width%3D%22240%22%20height%3D%22240%22%20viewBox%3D%220%200%20240%20240%22%3E%3C%2Fsvg%3E\" loading=\"eager\"><\/span><span class=\"fg-image-overlay\"><\/span><\/a><\/figure><div class=\"fg-loader\"><\/div><\/div><div class=\"fg-item fg-type-image fg-idle\"><figure class=\"fg-item-inner\"><a href=\"https:\/\/www.thenordicmark.com\/hu\/wp-content\/uploads\/2023\/11\/szombathely_3.jpg\" data-attachment-id=\"3365\" data-type=\"image\" class=\"fg-thumb\"><span class=\"fg-image-wrap\"><img decoding=\"async\" width=\"240\" height=\"240\" class=\"skip-lazy fg-image\" data-src-fg=\"https:\/\/www.thenordicmark.com\/hu\/wp-content\/uploads\/cache\/2023\/11\/szombathely_3\/161973986.jpg\" src=\"data:image\/svg+xml,%3Csvg%20xmlns%3D%22http%3A%2F%2Fwww.w3.org%2F2000%2Fsvg%22%20width%3D%22240%22%20height%3D%22240%22%20viewBox%3D%220%200%20240%20240%22%3E%3C%2Fsvg%3E\" loading=\"eager\"><\/span><span class=\"fg-image-overlay\"><\/span><\/a><\/figure><div class=\"fg-loader\"><\/div><\/div><\/div>\n\n\n\n\n<p>Az esem\u00e9nyeknek k\u00f6sz\u00f6nhet\u0151en a v\u00e1llalat tov\u00e1bb er\u0151s\u00edtette jelenl\u00e9t\u00e9t a r\u00e9gi\u00f3ban \u00e9s kiemelked\u0151 lehet\u0151s\u00e9get teremtett a fiatal gener\u00e1ci\u00f3val val\u00f3 k\u00f6lcs\u00f6n\u00f6s megismerked\u00e9sre \u00e9s szakmai p\u00e1rbesz\u00e9dre.<\/p>\n","protected":false},"excerpt":{"rendered":"<p>Di\u00e1koknak szervezett \u00e9p\u00edt\u0151ipari ki\u00e1ll\u00edt\u00e1sokon vett a thenordicmark csapata \u0151sszel. <\/p>\n","protected":false},"author":1,"featured_media":3368,"comment_status":"closed","ping_status":"closed","sticky":false,"template":"","format":"standard","meta":{"_acf_changed":false,"inline_featured_image":false,"footnotes":""},"categories":[1],"tags":[],"class_list":["post-3345","post","type-post","status-publish","format-standard","has-post-thumbnail","hentry","category-uncategorized"],"acf":[],"_links":{"self":[{"href":"https:\/\/www.thenordicmark.com\/hu\/wp-json\/wp\/v2\/posts\/3345","targetHints":{"allow":["GET"]}}],"collection":[{"href":"https:\/\/www.thenordicmark.com\/hu\/wp-json\/wp\/v2\/posts"}],"about":[{"href":"https:\/\/www.thenordicmark.com\/hu\/wp-json\/wp\/v2\/types\/post"}],"author":[{"embeddable":true,"href":"https:\/\/www.thenordicmark.com\/hu\/wp-json\/wp\/v2\/users\/1"}],"replies":[{"embeddable":true,"href":"https:\/\/www.thenordicmark.com\/hu\/wp-json\/wp\/v2\/comments?post=3345"}],"version-history":[{"count":3,"href":"https:\/\/www.thenordicmark.com\/hu\/wp-json\/wp\/v2\/posts\/3345\/revisions"}],"predecessor-version":[{"id":3369,"href":"https:\/\/www.thenordicmark.com\/hu\/wp-json\/wp\/v2\/posts\/3345\/revisions\/3369"}],"wp:featuredmedia":[{"embeddable":true,"href":"https:\/\/www.thenordicmark.com\/hu\/wp-json\/wp\/v2\/media\/3368"}],"wp:attachment":[{"href":"https:\/\/www.thenordicmark.com\/hu\/wp-json\/wp\/v2\/media?parent=3345"}],"wp:term":[{"taxonomy":"category","embeddable":true,"href":"https:\/\/www.thenordicmark.com\/hu\/wp-json\/wp\/v2\/categories?post=3345"},{"taxonomy":"post_tag","embeddable":true,"href":"https:\/\/www.thenordicmark.com\/hu\/wp-json\/wp\/v2\/tags?post=3345"}],"curies":[{"name":"wp","href":"https:\/\/api.w.org\/{rel}","templated":true}]}}