{"id":337,"date":"2023-05-25T14:42:45","date_gmt":"2023-05-25T12:42:45","guid":{"rendered":"https:\/\/thenordicmark.com\/hu\/?p=337"},"modified":"2023-05-25T14:42:46","modified_gmt":"2023-05-25T12:42:46","slug":"tikkurila-a-2023-as-ev-szine","status":"publish","type":"post","link":"https:\/\/www.thenordicmark.com\/hu\/tikkurila-a-2023-as-ev-szine\/","title":{"rendered":"Tikkurila - A 2023-as \u00e9v sz\u00edne"},"content":{"rendered":"\n<p>A Tikkurila \u00f6r\u00f6mmel mutatja be a\u00a0<a href=\"https:\/\/tikkurila.com\/inspirations\/color-now-2023-collection-when-two-lives-intertwine\" target=\"_blank\" rel=\"noopener\">Color Now 2023<\/a>\u00a0kollekci\u00f3t a A r\u00f3zsasz\u00edn pillanat\u00a0(Rosy Moment) kiemelt sz\u00ednnel: ez a sz\u00edn melegs\u00e9get \u00e9s egy\u00fctt\u00e9rz\u00e9st sug\u00e1roz, valamint az egym\u00e1sba fon\u00f3d\u00f3 \u00e9letek \u00e9rz\u00e9s\u00e9t t\u00fckr\u00f6zi.<\/p>\n\n\n\n<p><strong>A V413 Rosy Moment a Tikkurila 2023-as \u00e9v sz\u00edne.<\/strong><\/p>\n\n\n\n<p>\u00c9let\u00fcnk ezen a bolyg\u00f3n \u00f6sszefon\u00f3dik. Az egy\u00fcttl\u00e9t \u00e9s az egym\u00e1sra val\u00f3 odafigyel\u00e9s n\u00f6veli az \u00f6r\u00f6m\u00f6t \u00e9s a boldogs\u00e1got. Sz\u00ednes\u00edtj\u00fck egym\u00e1s \u00e9let\u00e9t. A V413 Rosy Moment szel\u00edd \u00e1rnyalata a melegs\u00e9get \u00e9s az emp\u00e1ti\u00e1t jelk\u00e9pezi. A r\u00f3zs\u00e1s pillanat az a t\u00f6r\u00e9keny, m\u00e9gis er\u0151t ad\u00f3 pillanat, amikor k\u00e9t \u00e9let \u00f6sszefon\u00f3dik.<\/p>\n\n\n\n<div class=\"wp-block-columns is-layout-flex wp-container-core-columns-is-layout-28f84493 wp-block-columns-is-layout-flex\">\n<div class=\"wp-block-column is-vertically-aligned-center is-layout-flow wp-block-column-is-layout-flow\">\n<p><strong>V413 Rosy Moment<\/strong><\/p>\n\n\n\n<p>A r\u00f3zsasz\u00edn hom\u00e1lyos \u00e1rnyalata, tompa t\u00f3nussal. A V413 Rosy Moment a Tikkurila 2023-as \u00e9v sz\u00edne.<\/p>\n<\/div>\n\n\n\n<div class=\"wp-block-column is-layout-flow wp-block-column-is-layout-flow\">\n<figure class=\"wp-block-image size-full\"><img decoding=\"async\" width=\"576\" height=\"324\" src=\"https:\/\/www.thenordicmark.com\/hu\/wp-content\/uploads\/2023\/05\/tikkurila_colornow2023_rosy_moment_v413_paintsplash.jpg\" alt=\"\" class=\"wp-image-339\" srcset=\"https:\/\/www.thenordicmark.com\/hu\/wp-content\/uploads\/2023\/05\/tikkurila_colornow2023_rosy_moment_v413_paintsplash.jpg 576w, https:\/\/www.thenordicmark.com\/hu\/wp-content\/uploads\/2023\/05\/tikkurila_colornow2023_rosy_moment_v413_paintsplash-520x293.jpg 520w\" sizes=\"(max-width: 576px) 100vw, 576px\" \/><\/figure>\n<\/div>\n<\/div>\n\n\n\n<div class=\"wp-block-columns is-layout-flex wp-container-core-columns-is-layout-28f84493 wp-block-columns-is-layout-flex\">\n<div class=\"wp-block-column is-layout-flow wp-block-column-is-layout-flow\">\n<p>Egy sz\u00edn, amely melegs\u00e9get \u00e9s egy\u00fctt\u00e9rz\u00e9st sug\u00e1roz, az egym\u00e1sba fon\u00f3d\u00f3 \u00e9letek \u00e9rz\u00e9s\u00e9t.<\/p>\n\n\n\n<figure class=\"wp-block-image size-full\"><img decoding=\"async\" width=\"576\" height=\"432\" src=\"https:\/\/www.thenordicmark.com\/hu\/wp-content\/uploads\/2023\/05\/tikkurila_colornow23_rosy_moment_v413_girls.jpg\" alt=\"\" class=\"wp-image-341\" srcset=\"https:\/\/www.thenordicmark.com\/hu\/wp-content\/uploads\/2023\/05\/tikkurila_colornow23_rosy_moment_v413_girls.jpg 576w, https:\/\/www.thenordicmark.com\/hu\/wp-content\/uploads\/2023\/05\/tikkurila_colornow23_rosy_moment_v413_girls-520x390.jpg 520w\" sizes=\"(max-width: 576px) 100vw, 576px\" \/><\/figure>\n\n\n\n<p>Amikor egy \u00faj mosoly m\u00e1r ismer\u0151snek t\u0171nik. Amikor a gondolataitok l\u00e1tsz\u00f3lag ugyanazokat az utakat k\u00f6vetik, \u00e9s alig v\u00e1rod, hogy meghallgasd, mit mond a m\u00e1sik. Amikor otthon \u00e9rzed magad valakivel, akivel csak most tal\u00e1lkozt\u00e1l, vagy valakivel, akivel m\u00e1r egy eg\u00e9sz \u00e9letet osztott\u00e1l meg.<\/p>\n<\/div>\n\n\n\n<div class=\"wp-block-column is-layout-flow wp-block-column-is-layout-flow\">\n<figure class=\"wp-block-image size-full\"><img decoding=\"async\" width=\"432\" height=\"576\" src=\"https:\/\/www.thenordicmark.com\/hu\/wp-content\/uploads\/2023\/05\/tikkurila_colornow23_rosy_moment_v413_kestrel.jpg\" alt=\"\" class=\"wp-image-340\" srcset=\"https:\/\/www.thenordicmark.com\/hu\/wp-content\/uploads\/2023\/05\/tikkurila_colornow23_rosy_moment_v413_kestrel.jpg 432w, https:\/\/www.thenordicmark.com\/hu\/wp-content\/uploads\/2023\/05\/tikkurila_colornow23_rosy_moment_v413_kestrel-390x520.jpg 390w\" sizes=\"(max-width: 432px) 100vw, 432px\" \/><\/figure>\n<\/div>\n<\/div>\n\n\n\n<div class=\"wp-block-columns is-layout-flex wp-container-core-columns-is-layout-28f84493 wp-block-columns-is-layout-flex\">\n<div class=\"wp-block-column is-layout-flow wp-block-column-is-layout-flow\">\n<figure class=\"wp-block-image size-full\"><img decoding=\"async\" width=\"432\" height=\"576\" src=\"https:\/\/www.thenordicmark.com\/hu\/wp-content\/uploads\/2023\/05\/tikkurila_colornow23_rosy_moment_v413_walls.jpg\" alt=\"\" class=\"wp-image-342\" srcset=\"https:\/\/www.thenordicmark.com\/hu\/wp-content\/uploads\/2023\/05\/tikkurila_colornow23_rosy_moment_v413_walls.jpg 432w, https:\/\/www.thenordicmark.com\/hu\/wp-content\/uploads\/2023\/05\/tikkurila_colornow23_rosy_moment_v413_walls-390x520.jpg 390w\" sizes=\"(max-width: 432px) 100vw, 432px\" \/><\/figure>\n<\/div>\n\n\n\n<div class=\"wp-block-column is-layout-flow wp-block-column-is-layout-flow\">\n<p><strong>Rosy Moment \u00e9s&nbsp;<a href=\"https:\/\/tikkurila.com\/inspirations\/color-now-2023-collection-when-two-lives-intertwine\" target=\"_blank\" rel=\"noopener\">Color Now 2023 kollekci\u00f3<\/a><\/strong><\/p>\n\n\n\n<p><br>A Rosy Moment egy univerz\u00e1lis \u00e1rnyalat, amely b\u00e1rhol haszn\u00e1lhat\u00f3 otthon\u00e1ban. Az \u00e1rnyalat a poros r\u00f3zsaaranyra hasonl\u00edt, de \u00faj, l\u00e1gy \u00e9s tompa t\u00f3nus\u00fa.<br>A Rosy Momentet a&nbsp;<a href=\"https:\/\/tikkurila.com\/inspirations\/color-now-2023-collection-when-two-lives-intertwine\" target=\"_blank\" rel=\"noopener\">Color Now 2023<\/a>&nbsp;kollekci\u00f3 t\u00e1mogatja, amelyet a Tikkurila sz\u00ednszak\u00e9rt\u0151i kur\u00e1tork\u00e9nt \u00e1ll\u00edtottak \u00f6ssze. A vil\u00e1gos \u00e9s l\u00e1gy \u00e1rnyalatokb\u00f3l, valamint gazdag t\u00f3nusokb\u00f3l \u00e9s s\u00f6t\u00e9t hangs\u00falyokb\u00f3l \u00e1ll\u00f3, gondosan v\u00e1logatott paletta nagy fel\u00fcleteken \u00e9s apr\u00f3 r\u00e9szletekben is k\u00f6nnyen haszn\u00e1lhat\u00f3.<\/p>\n<\/div>\n<\/div>\n\n\n\n<p>K\u00e9pzeld el a k\u00f6z\u00f6s t\u00f6rt\u00e9neteteket sz\u00ednekben. Inspir\u00e1l\u00f3dj a\u00a0<a href=\"https:\/\/tikkurila.com\/inspirations\/color-now-2023-collection-when-two-lives-intertwine\" target=\"_blank\" rel=\"noopener\">Color Now 2023<\/a>-t\u00f3l!<\/p>\n\n\n\n<p>Az eredeti cikk a tikkurila.com oldalon jelent meg.<br>(<a href=\"https:\/\/tikkurila.com\/colornow2023\" target=\"_blank\" rel=\"noopener\">https:\/\/tikkurila.com\/colornow2023<\/a>)<\/p>\n","protected":false},"excerpt":{"rendered":"<p>Az \u00e9v sz\u00edne 2023-ban: V413 Rosy Moment<\/p>\n","protected":false},"author":1,"featured_media":338,"comment_status":"closed","ping_status":"closed","sticky":false,"template":"","format":"standard","meta":{"_acf_changed":false,"inline_featured_image":false,"footnotes":""},"categories":[1],"tags":[],"class_list":["post-337","post","type-post","status-publish","format-standard","has-post-thumbnail","hentry","category-uncategorized"],"acf":[],"_links":{"self":[{"href":"https:\/\/www.thenordicmark.com\/hu\/wp-json\/wp\/v2\/posts\/337","targetHints":{"allow":["GET"]}}],"collection":[{"href":"https:\/\/www.thenordicmark.com\/hu\/wp-json\/wp\/v2\/posts"}],"about":[{"href":"https:\/\/www.thenordicmark.com\/hu\/wp-json\/wp\/v2\/types\/post"}],"author":[{"embeddable":true,"href":"https:\/\/www.thenordicmark.com\/hu\/wp-json\/wp\/v2\/users\/1"}],"replies":[{"embeddable":true,"href":"https:\/\/www.thenordicmark.com\/hu\/wp-json\/wp\/v2\/comments?post=337"}],"version-history":[{"count":1,"href":"https:\/\/www.thenordicmark.com\/hu\/wp-json\/wp\/v2\/posts\/337\/revisions"}],"predecessor-version":[{"id":343,"href":"https:\/\/www.thenordicmark.com\/hu\/wp-json\/wp\/v2\/posts\/337\/revisions\/343"}],"wp:featuredmedia":[{"embeddable":true,"href":"https:\/\/www.thenordicmark.com\/hu\/wp-json\/wp\/v2\/media\/338"}],"wp:attachment":[{"href":"https:\/\/www.thenordicmark.com\/hu\/wp-json\/wp\/v2\/media?parent=337"}],"wp:term":[{"taxonomy":"category","embeddable":true,"href":"https:\/\/www.thenordicmark.com\/hu\/wp-json\/wp\/v2\/categories?post=337"},{"taxonomy":"post_tag","embeddable":true,"href":"https:\/\/www.thenordicmark.com\/hu\/wp-json\/wp\/v2\/tags?post=337"}],"curies":[{"name":"wp","href":"https:\/\/api.w.org\/{rel}","templated":true}]}}