{"id":3413,"date":"2023-12-12T10:00:44","date_gmt":"2023-12-12T09:00:44","guid":{"rendered":"https:\/\/www.thenordicmark.com\/hu\/?p=3413"},"modified":"2023-12-12T11:09:16","modified_gmt":"2023-12-12T10:09:16","slug":"unnepi-zarva-tartas","status":"publish","type":"post","link":"https:\/\/www.thenordicmark.com\/hu\/unnepi-zarva-tartas\/","title":{"rendered":"\u00dcnnepi z\u00e1rva tart\u00e1s"},"content":{"rendered":"\n<p>Kedves \u00c9rdekl\u0151d\u0151k!<\/p>\n\n\n\n<p>A thenordicmark KFT telephelyei az al\u00e1bbiak szerint z\u00e1rva tartanak az \u00fcnnepi id\u0151szakban:<\/p>\n\n\n\n<figure class=\"wp-block-table is-style-stripes\"><table class=\"has-fixed-layout\"><thead><tr><th><strong>LOGISZTIKA, RAKT\u00c1R <\/strong><br><strong>(Bp. Gy\u00e1li \u00fat, Szigetszentmikl\u00f3s)<\/strong><\/th><th><\/th><\/tr><\/thead><tbody><tr><td>December 18. h\u00e9tf\u0151 11\u00a0\u00f3ra<br>December 19. kedd<br><strong>December 20 \u2013 janu\u00e1r 07.\u00a0\u00a0<\/strong>\u00a0\u00a0\u00a0\u00a0\u00a0<\/td><td>utols\u00f3 megrendel\u00e9s lead\u00e1si hat\u00e1rideje<br>utols\u00f3 kisz\u00e1ll\u00edt\u00e1si nap<br><strong>Z\u00c1RVA<\/strong><\/td><\/tr><\/tbody><\/table><\/figure>\n\n\n\n<figure class=\"wp-block-table is-style-stripes\"><table class=\"has-fixed-layout\"><thead><tr><th><strong>MINTABOLT<\/strong><\/th><th><\/th><\/tr><\/thead><tbody><tr><td>December 19. kedd\u00a0\u00a0\u00a0\u00a0\u00a0\u00a0\u00a0\u00a0\u00a0\u00a0\u00a0\u00a0\u00a0\u00a0\u00a0\u00a0\u00a0\u00a0\u00a0\u00a0\u00a0\u00a0\u00a0\u00a0\u00a0\u00a0\u00a0 <br><strong>December 20 \u2013 janu\u00e1r 07.<\/strong><\/td><td>utols\u00f3 nyitvatart\u00e1si nap<br><strong>Z\u00c1RVA<\/strong><\/td><\/tr><\/tbody><\/table><\/figure>\n\n\n\n<figure class=\"wp-block-table is-style-stripes\"><table class=\"has-fixed-layout\"><thead><tr><th><strong>R\u00c1K\u00d3CZIB\u00c1NYAI GY\u00c1R<\/strong><\/th><th><\/th><\/tr><\/thead><tbody><tr><td>December 18. h\u00e9tf\u0151<br>December 19. kedd\u00a0\u00a0\u00a0 \u00a0\u00a0\u00a0\u00a0\u00a0\u00a0\u00a0\u00a0\u00a0\u00a0\u00a0\u00a0\u00a0\u00a0\u00a0\u00a0\u00a0\u00a0\u00a0\u00a0\u00a0 \u00a0\u00a0<br><strong>December 20 \u2013 janu\u00e1r 07.<\/strong><\/td><td>utols\u00f3 gy\u00e1rt\u00e1si nap<br>lelt\u00e1ri el\u0151k\u00e9sz\u00fcletek<br><strong>Z\u00c1RVA<\/strong><\/td><\/tr><\/tbody><\/table><\/figure>\n\n\n\n<div style=\"height:40px\" aria-hidden=\"true\" class=\"wp-block-spacer\"><\/div>\n\n\n\n<p class=\"has-text-align-center\"><strong>Nyit\u00e1s, els\u0151 rendel\u00e9s lead\u00e1si napja<\/strong>:<br><strong>2024. janu\u00e1r 08. h\u00e9tf\u0151<\/strong><\/p>\n\n\n\n<p class=\"has-text-align-center\"><strong>Els\u0151 kisz\u00e1ll\u00edt\u00e1si nap<\/strong>:<br><strong>2024. janu\u00e1r 09. kedd<\/strong><\/p>\n\n\n\n<div style=\"height:40px\" aria-hidden=\"true\" class=\"wp-block-spacer\"><\/div>\n\n\n\n<p>Kellemes \u00dcnnepeket \u00e9s sikerekben gazdag Boldog \u00daj \u00c9vet K\u00edv\u00e1nunk!<br><br>thenordicmark KFT<\/p>\n","protected":false},"excerpt":{"rendered":"<p>A thenordicmark KFT telephelyei az \u00fcnnepi id\u0151szakban z\u00e1rva tartanak.<\/p>\n","protected":false},"author":1,"featured_media":3415,"comment_status":"closed","ping_status":"closed","sticky":false,"template":"","format":"standard","meta":{"_acf_changed":false,"inline_featured_image":false,"footnotes":""},"categories":[1],"tags":[],"class_list":["post-3413","post","type-post","status-publish","format-standard","has-post-thumbnail","hentry","category-uncategorized"],"acf":[],"_links":{"self":[{"href":"https:\/\/www.thenordicmark.com\/hu\/wp-json\/wp\/v2\/posts\/3413","targetHints":{"allow":["GET"]}}],"collection":[{"href":"https:\/\/www.thenordicmark.com\/hu\/wp-json\/wp\/v2\/posts"}],"about":[{"href":"https:\/\/www.thenordicmark.com\/hu\/wp-json\/wp\/v2\/types\/post"}],"author":[{"embeddable":true,"href":"https:\/\/www.thenordicmark.com\/hu\/wp-json\/wp\/v2\/users\/1"}],"replies":[{"embeddable":true,"href":"https:\/\/www.thenordicmark.com\/hu\/wp-json\/wp\/v2\/comments?post=3413"}],"version-history":[{"count":18,"href":"https:\/\/www.thenordicmark.com\/hu\/wp-json\/wp\/v2\/posts\/3413\/revisions"}],"predecessor-version":[{"id":3442,"href":"https:\/\/www.thenordicmark.com\/hu\/wp-json\/wp\/v2\/posts\/3413\/revisions\/3442"}],"wp:featuredmedia":[{"embeddable":true,"href":"https:\/\/www.thenordicmark.com\/hu\/wp-json\/wp\/v2\/media\/3415"}],"wp:attachment":[{"href":"https:\/\/www.thenordicmark.com\/hu\/wp-json\/wp\/v2\/media?parent=3413"}],"wp:term":[{"taxonomy":"category","embeddable":true,"href":"https:\/\/www.thenordicmark.com\/hu\/wp-json\/wp\/v2\/categories?post=3413"},{"taxonomy":"post_tag","embeddable":true,"href":"https:\/\/www.thenordicmark.com\/hu\/wp-json\/wp\/v2\/tags?post=3413"}],"curies":[{"name":"wp","href":"https:\/\/api.w.org\/{rel}","templated":true}]}}