{"id":364,"date":"2023-05-25T14:58:22","date_gmt":"2023-05-25T12:58:22","guid":{"rendered":"https:\/\/thenordicmark.com\/hu\/?p=364"},"modified":"2023-05-25T14:58:43","modified_gmt":"2023-05-25T12:58:43","slug":"szakmai-nap-kiskunmajsan","status":"publish","type":"post","link":"https:\/\/www.thenordicmark.com\/hu\/szakmai-nap-kiskunmajsan\/","title":{"rendered":"Szakmai nap Kiskunmajs\u00e1n"},"content":{"rendered":"\n<p>A thenordicmark KFT 2023.04.28-\u00e1n szakmai nap keret\u00e9ben mutatta&nbsp;be term\u00e9keit a V.P.J.I. Kft. rendez\u00e9s\u00e9ben.<\/p>\n\n\n\n<p>A rendezv\u00e9nyen els\u0151sorban fest\u0151k, fest\u00e9s, bark\u00e1csol\u00e1s ir\u00e1nt \u00e9rdekl\u0151d\u0151k vettek r\u00e9szt, ahol el\u0151ad\u00e1sokat hallhattak forgalmazott m\u00e1rk\u00e1inkr\u00f3l, majd ki is pr\u00f3b\u00e1lhatt\u00e1k a bemutatott term\u00e9keket. Az el\u0151ad\u00e1s tematik\u00e1ja els\u0151k\u00e9nt alapoz\u00f3kr\u00f3l, belt\u00e9ri falfest\u00e9kekr\u0151l, majd a dekor\u00e1ci\u00f3s term\u00e9kek bemutat\u00e1s\u00e1r\u00f3l,\u00a0 legv\u00e9g\u00e9n a h\u0151szigetel\u0151 rendszerekr\u0151l sz\u00f3lt. Ezt\u00a0interakt\u00edv munka, kapcsol\u00f3d\u00f3 term\u00e9kek kipr\u00f3b\u00e1l\u00e1sa k\u00f6vette. (Anza, Erfurt, Ultragrime kend\u0151, XL tape, Caparol). A nagysiker\u0171 programon a r\u00e9sztvev\u0151k \u00e9rdekl\u0151d\u00e9se szinte minden t\u00e9mak\u00f6rben megmutatkozott \u00e9s mindenki kapott az alkalmon, hogy gyakorlati tapasztalatokat is szerezzen.<\/p>\n\n\n\n<figure class=\"wp-block-image size-full\"><img decoding=\"async\" width=\"1200\" height=\"898\" src=\"https:\/\/www.thenordicmark.com\/hu\/wp-content\/uploads\/2023\/05\/thenordicmark-kiskunmajsa-1-min.jpg\" alt=\"\" class=\"wp-image-366\" srcset=\"https:\/\/www.thenordicmark.com\/hu\/wp-content\/uploads\/2023\/05\/thenordicmark-kiskunmajsa-1-min.jpg 1200w, https:\/\/www.thenordicmark.com\/hu\/wp-content\/uploads\/2023\/05\/thenordicmark-kiskunmajsa-1-min-520x389.jpg 520w, https:\/\/www.thenordicmark.com\/hu\/wp-content\/uploads\/2023\/05\/thenordicmark-kiskunmajsa-1-min-768x575.jpg 768w\" sizes=\"(max-width: 1200px) 100vw, 1200px\" \/><\/figure>\n\n\n\n<figure class=\"wp-block-image size-full is-resized\"><img decoding=\"async\" src=\"https:\/\/www.thenordicmark.com\/hu\/wp-content\/uploads\/2023\/05\/thenordicmark-kiskunmajsa-2-min.jpg\" alt=\"\" class=\"wp-image-367\" width=\"840\" height=\"628\" srcset=\"https:\/\/www.thenordicmark.com\/hu\/wp-content\/uploads\/2023\/05\/thenordicmark-kiskunmajsa-2-min.jpg 1200w, https:\/\/www.thenordicmark.com\/hu\/wp-content\/uploads\/2023\/05\/thenordicmark-kiskunmajsa-2-min-520x389.jpg 520w, https:\/\/www.thenordicmark.com\/hu\/wp-content\/uploads\/2023\/05\/thenordicmark-kiskunmajsa-2-min-768x575.jpg 768w\" sizes=\"(max-width: 840px) 100vw, 840px\" \/><\/figure>\n\n\n\n<figure class=\"wp-block-image size-full\"><img decoding=\"async\" width=\"1200\" height=\"898\" src=\"https:\/\/www.thenordicmark.com\/hu\/wp-content\/uploads\/2023\/05\/thenordicmark-kiskunmajsa-3-min.jpg\" alt=\"\" class=\"wp-image-368\" srcset=\"https:\/\/www.thenordicmark.com\/hu\/wp-content\/uploads\/2023\/05\/thenordicmark-kiskunmajsa-3-min.jpg 1200w, https:\/\/www.thenordicmark.com\/hu\/wp-content\/uploads\/2023\/05\/thenordicmark-kiskunmajsa-3-min-520x389.jpg 520w, https:\/\/www.thenordicmark.com\/hu\/wp-content\/uploads\/2023\/05\/thenordicmark-kiskunmajsa-3-min-768x575.jpg 768w\" sizes=\"(max-width: 1200px) 100vw, 1200px\" \/><\/figure>\n\n\n\n<p>Minden r\u00e9sztvev\u0151nek k\u00f6sz\u00f6nj\u00fck \u00e9rdekl\u0151d\u00e9s\u00e9t \u00e9s mindenkit v\u00e1runk legk\u00f6zelebb is!<\/p>\n","protected":false},"excerpt":{"rendered":"<p>A thenordicmark csapata ez\u00fattal a V.P.J.I. Kft.-vel k\u00f6z\u00f6sen tartott szakmai napot.<\/p>\n","protected":false},"author":1,"featured_media":365,"comment_status":"closed","ping_status":"closed","sticky":false,"template":"","format":"standard","meta":{"_acf_changed":false,"inline_featured_image":false,"footnotes":""},"categories":[1],"tags":[],"class_list":["post-364","post","type-post","status-publish","format-standard","has-post-thumbnail","hentry","category-uncategorized"],"acf":[],"_links":{"self":[{"href":"https:\/\/www.thenordicmark.com\/hu\/wp-json\/wp\/v2\/posts\/364","targetHints":{"allow":["GET"]}}],"collection":[{"href":"https:\/\/www.thenordicmark.com\/hu\/wp-json\/wp\/v2\/posts"}],"about":[{"href":"https:\/\/www.thenordicmark.com\/hu\/wp-json\/wp\/v2\/types\/post"}],"author":[{"embeddable":true,"href":"https:\/\/www.thenordicmark.com\/hu\/wp-json\/wp\/v2\/users\/1"}],"replies":[{"embeddable":true,"href":"https:\/\/www.thenordicmark.com\/hu\/wp-json\/wp\/v2\/comments?post=364"}],"version-history":[{"count":2,"href":"https:\/\/www.thenordicmark.com\/hu\/wp-json\/wp\/v2\/posts\/364\/revisions"}],"predecessor-version":[{"id":370,"href":"https:\/\/www.thenordicmark.com\/hu\/wp-json\/wp\/v2\/posts\/364\/revisions\/370"}],"wp:featuredmedia":[{"embeddable":true,"href":"https:\/\/www.thenordicmark.com\/hu\/wp-json\/wp\/v2\/media\/365"}],"wp:attachment":[{"href":"https:\/\/www.thenordicmark.com\/hu\/wp-json\/wp\/v2\/media?parent=364"}],"wp:term":[{"taxonomy":"category","embeddable":true,"href":"https:\/\/www.thenordicmark.com\/hu\/wp-json\/wp\/v2\/categories?post=364"},{"taxonomy":"post_tag","embeddable":true,"href":"https:\/\/www.thenordicmark.com\/hu\/wp-json\/wp\/v2\/tags?post=364"}],"curies":[{"name":"wp","href":"https:\/\/api.w.org\/{rel}","templated":true}]}}